{"id":5525,"date":"2023-10-04T10:51:23","date_gmt":"2023-10-04T08:51:23","guid":{"rendered":"https:\/\/www.palazzolarocca.it\/non-classifiee\/1-dome-saint-pierre\/"},"modified":"2025-12-16T15:54:33","modified_gmt":"2025-12-16T14:54:33","slug":"1-dome-saint-pierre","status":"publish","type":"post","link":"https:\/\/www.palazzolarocca.it\/fr\/modica-fr\/1-dome-saint-pierre\/","title":{"rendered":"1. D\u00f4me Saint-Pierre"},"content":{"rendered":"\t\t<div data-elementor-type=\"wp-post\" data-elementor-id=\"5525\" class=\"elementor elementor-5525 elementor-1150\">\n\t\t\t\t\t\t\t<div class=\"elementor-element elementor-element-45d18cd e-flex e-con-boxed e-con\" data-id=\"45d18cd\" data-element_type=\"container\" data-settings=\"{&quot;content_width&quot;:&quot;boxed&quot;}\">\n\t\t\t\t\t<div class=\"e-con-inner\">\n\t\t\t\t<div class=\"elementor-element elementor-element-46db23d7 elementor-widget elementor-widget-heading\" data-id=\"46db23d7\" data-element_type=\"widget\" data-widget_type=\"heading.default\">\n\t\t\t\t<div class=\"elementor-widget-container\">\n\t\t\t<style>\/*! elementor - v3.15.0 - 02-08-2023 *\/\n.elementor-heading-title{padding:0;margin:0;line-height:1}.elementor-widget-heading .elementor-heading-title[class*=elementor-size-]>a{color:inherit;font-size:inherit;line-height:inherit}.elementor-widget-heading .elementor-heading-title.elementor-size-small{font-size:15px}.elementor-widget-heading .elementor-heading-title.elementor-size-medium{font-size:19px}.elementor-widget-heading .elementor-heading-title.elementor-size-large{font-size:29px}.elementor-widget-heading .elementor-heading-title.elementor-size-xl{font-size:39px}.elementor-widget-heading .elementor-heading-title.elementor-size-xxl{font-size:59px}<\/style><h1 class=\"elementor-heading-title elementor-size-default\">1. D\u00f4me Saint-Pierre<\/h1>\t\t<\/div>\n\t\t\t\t<\/div>\n\t\t\t\t<div class=\"elementor-element elementor-element-6486ced elementor-widget elementor-widget-text-editor\" data-id=\"6486ced\" data-element_type=\"widget\" data-widget_type=\"text-editor.default\">\n\t\t\t\t<div class=\"elementor-widget-container\">\n\t\t\t<style>\/*! elementor - v3.15.0 - 02-08-2023 *\/\n.elementor-widget-text-editor.elementor-drop-cap-view-stacked .elementor-drop-cap{background-color:#69727d;color:#fff}.elementor-widget-text-editor.elementor-drop-cap-view-framed .elementor-drop-cap{color:#69727d;border:3px solid;background-color:transparent}.elementor-widget-text-editor:not(.elementor-drop-cap-view-default) .elementor-drop-cap{margin-top:8px}.elementor-widget-text-editor:not(.elementor-drop-cap-view-default) .elementor-drop-cap-letter{width:1em;height:1em}.elementor-widget-text-editor .elementor-drop-cap{float:left;text-align:center;line-height:1;font-size:50px}.elementor-widget-text-editor .elementor-drop-cap-letter{display:inline-block}<\/style>\t\t\t\t<p>Corso Umberto I, n\u00b0159A &#8211; 97015 Modica, RG<\/p>\n\t\t\t\t\t\t<\/div>\n\t\t\t\t<\/div>\n\t\t\t\t<div class=\"elementor-element elementor-element-3e868bd elementor-widget elementor-widget-video\" data-id=\"3e868bd\" data-element_type=\"widget\" data-settings=\"{&quot;video_type&quot;:&quot;hosted&quot;,&quot;controls&quot;:&quot;yes&quot;}\" data-widget_type=\"video.default\">\n\t\t\t\t<div class=\"elementor-widget-container\">\n\t\t\t<style>\/*! elementor - v3.15.0 - 02-08-2023 *\/\n.elementor-widget-video .elementor-widget-container{overflow:hidden;transform:translateZ(0)}.elementor-widget-video .elementor-wrapper{aspect-ratio:var(--video-aspect-ratio)}.elementor-widget-video .elementor-wrapper iframe,.elementor-widget-video .elementor-wrapper video{height:100%;width:100%;display:flex;border:none;background-color:#000}@supports not (aspect-ratio:1\/1){.elementor-widget-video .elementor-wrapper{position:relative;overflow:hidden;height:0;padding-bottom:calc(100% \/ var(--video-aspect-ratio))}.elementor-widget-video .elementor-wrapper iframe,.elementor-widget-video .elementor-wrapper video{position:absolute;top:0;right:0;bottom:0;left:0}}.elementor-widget-video .elementor-open-inline .elementor-custom-embed-image-overlay{position:absolute;top:0;right:0;bottom:0;left:0;background-size:cover;background-position:50%}.elementor-widget-video .elementor-custom-embed-image-overlay{cursor:pointer;text-align:center}.elementor-widget-video .elementor-custom-embed-image-overlay:hover .elementor-custom-embed-play i{opacity:1}.elementor-widget-video .elementor-custom-embed-image-overlay img{display:block;width:100%;aspect-ratio:var(--video-aspect-ratio);-o-object-fit:cover;object-fit:cover;-o-object-position:center center;object-position:center center}@supports not (aspect-ratio:1\/1){.elementor-widget-video .elementor-custom-embed-image-overlay{position:relative;overflow:hidden;height:0;padding-bottom:calc(100% \/ var(--video-aspect-ratio))}.elementor-widget-video .elementor-custom-embed-image-overlay img{position:absolute;top:0;right:0;bottom:0;left:0}}.elementor-widget-video .e-hosted-video .elementor-video{-o-object-fit:cover;object-fit:cover}.e-con-inner>.elementor-widget-video,.e-con>.elementor-widget-video{width:var(--container-widget-width);--flex-grow:var(--container-widget-flex-grow)}<\/style>\t\t<div class=\"e-hosted-video elementor-wrapper elementor-open-inline\">\n\t\t\t\t\t<video class=\"elementor-video\" src=\"https:\/\/www.palazzolarocca.it\/wp-content\/uploads\/2023\/10\/05-Modica-Duomo-di-S.-Pietro_v02.mp4\" controls=\"\" preload=\"metadata\" controlsList=\"nodownload\"><\/video>\n\t\t\t\t<\/div>\n\t\t\t\t<\/div>\n\t\t\t\t<\/div>\n\t\t\t\t<div class=\"elementor-element elementor-element-d15b396 elementor-widget elementor-widget-text-editor\" data-id=\"d15b396\" data-element_type=\"widget\" data-widget_type=\"text-editor.default\">\n\t\t\t\t<div class=\"elementor-widget-container\">\n\t\t\t\t\t\t\t<p>Fig. a<\/p>\n\t\t\t\t\t\t<\/div>\n\t\t\t\t<\/div>\n\t\t\t\t\t<\/div>\n\t\t\t\t<\/div>\n\t\t<div class=\"elementor-element elementor-element-42439588 e-flex e-con-boxed e-con\" data-id=\"42439588\" data-element_type=\"container\" data-settings=\"{&quot;content_width&quot;:&quot;boxed&quot;}\">\n\t\t\t\t\t<div class=\"e-con-inner\">\n\t\t\t\t<div class=\"elementor-element elementor-element-696f44ba elementor-widget elementor-widget-text-editor\" data-id=\"696f44ba\" data-element_type=\"widget\" data-widget_type=\"text-editor.default\">\n\t\t\t\t<div class=\"elementor-widget-container\">\n\t\t\t\t\t\t\t<p>Une \u00e9glise Saint-Pierre existait d\u00e9j\u00e0 au XIVe s., qui fut d\u00e9truite lors du tremblement de terre de 1693. Elle fut reb\u00e2tie au d\u00e9but du XVIIIe s., au sommet d&rsquo;un grand escalier (Fig. a), entour\u00e9 des statues des douze ap\u00f4tres, dits \u00ab Santoni \u00bb (Fig. b). b).<br \/><span style=\"text-align: var(--text-align);\">La fa\u00e7ade de style baroque tardif s&rsquo;\u00e9l\u00e8ve sur deux niveaux s\u00e9par\u00e9s par une grande corniche (Fig. c). Le niveau inf\u00e9rieur pr\u00e9sente un triple registre, chacun accueillant un portail d\u00e9limit\u00e9 par deux colonnes qui soutiennent un tympan bris\u00e9. Le niveau sup\u00e9rieur, \u00e0 registre unique, pr\u00e9sente une grande fen\u00eatre centrale et est d\u00e9limit\u00e9 lat\u00e9ralement par deux grandes volutes, chacune soutenant une statue. Ce second niveau est surmont\u00e9 d&rsquo;un tympan bris\u00e9 qui abrite la statue du <\/span><em style=\"text-align: var(--text-align);\">Christ Ressuscit\u00e9<\/em><span style=\"text-align: var(--text-align);\">.<\/span><br \/><span style=\"text-align: var(--text-align);\">Le clocher, d\u00e9cal\u00e9 \u00e0 l\u2019arri\u00e8re de la fa\u00e7ade, s\u2019\u00e9l\u00e8ve sur trois niveaux, dont le dernier accueille les cloches log\u00e9es sous des arcades.<\/span><span style=\"text-align: var(--text-align);\">L&rsquo;int\u00e9rieur de l&rsquo;\u00e9glise pr\u00e9sente trois nefs s\u00e9par\u00e9es par deux colonnades \u00e0 chapiteau corinthien, lesquelles soutiennent un long balcon o\u00f9 des fen\u00eatres illuminent l&rsquo;int\u00e9rieur (Fig. d). La vo\u00fbte en berceau de la nef centrale est d\u00e9cor\u00e9e de peintures qui repr\u00e9sentent des sc\u00e8nes de l&rsquo;Ancien et du Nouveau Testament. <span style=\"font-weight: 400;\">Le grand orgue compos\u00e9 de 1800 tuyaux, plac\u00e9 sur la tribune des chantres au-dessus du portail, a \u00e9t\u00e9 construit par la firme Polizzi, c\u00e9l\u00e8bres facteurs d&rsquo;orgues siciliens (Fig. e).<\/span> En revanche, les nefs lat\u00e9rales sont couvertes de vo\u00fbtes sur crois\u00e9es d&rsquo;ogives et d\u00e9cor\u00e9es de stucs dor\u00e9s.<br \/><\/span><span style=\"text-align: var(--text-align);\">Le presbyt\u00e8re compte huit colonnes, simples et g\u00e9min\u00e9es, qui soutiennent la vo\u00fbte et la conque de l&rsquo;abside (Fig. f).<\/span><\/p>\n\t\t\t\t\t\t<\/div>\n\t\t\t\t<\/div>\n\t\t\t\t\t<\/div>\n\t\t\t\t<\/div>\n\t\t<div class=\"elementor-element elementor-element-72889aa e-flex e-con-boxed elementor-invisible e-con\" data-id=\"72889aa\" data-element_type=\"container\" data-settings=\"{&quot;background_background&quot;:&quot;classic&quot;,&quot;animation&quot;:&quot;fadeIn&quot;,&quot;content_width&quot;:&quot;boxed&quot;}\">\n\t\t\t\t\t<div class=\"e-con-inner\">\n\t\t<div class=\"elementor-element elementor-element-7a2e55c e-flex e-con-boxed e-con\" data-id=\"7a2e55c\" data-element_type=\"container\" data-settings=\"{&quot;background_background&quot;:&quot;classic&quot;,&quot;animation&quot;:&quot;none&quot;,&quot;content_width&quot;:&quot;boxed&quot;}\">\n\t\t\t\t\t<div class=\"e-con-inner\">\n\t\t\t\t<div class=\"elementor-element elementor-element-31443be0 elementor-widget elementor-widget-heading\" data-id=\"31443be0\" data-element_type=\"widget\" data-widget_type=\"heading.default\">\n\t\t\t\t<div class=\"elementor-widget-container\">\n\t\t\t<h3 class=\"elementor-heading-title elementor-size-default\">Galerie de photos<\/h3>\t\t<\/div>\n\t\t\t\t<\/div>\n\t\t\t\t<div class=\"elementor-element elementor-element-72b4cc6d gallery-spacing-custom elementor-widget elementor-widget-image-gallery\" data-id=\"72b4cc6d\" data-element_type=\"widget\" data-widget_type=\"image-gallery.default\">\n\t\t\t\t<div class=\"elementor-widget-container\">\n\t\t\t<style>\/*! elementor - v3.15.0 - 02-08-2023 *\/\n.elementor-image-gallery .gallery-item{display:inline-block;text-align:center;vertical-align:top;width:100%;max-width:100%;margin:0 auto}.elementor-image-gallery .gallery-item img{margin:0 auto}.elementor-image-gallery .gallery-item .gallery-caption{margin:0}.elementor-image-gallery figure img{display:block}.elementor-image-gallery figure figcaption{width:100%}.gallery-spacing-custom .elementor-image-gallery .gallery-icon{padding:0}@media (min-width:768px){.elementor-image-gallery .gallery-columns-2 .gallery-item{max-width:50%}.elementor-image-gallery .gallery-columns-3 .gallery-item{max-width:33.33%}.elementor-image-gallery .gallery-columns-4 .gallery-item{max-width:25%}.elementor-image-gallery .gallery-columns-5 .gallery-item{max-width:20%}.elementor-image-gallery .gallery-columns-6 .gallery-item{max-width:16.666%}.elementor-image-gallery .gallery-columns-7 .gallery-item{max-width:14.28%}.elementor-image-gallery .gallery-columns-8 .gallery-item{max-width:12.5%}.elementor-image-gallery .gallery-columns-9 .gallery-item{max-width:11.11%}.elementor-image-gallery .gallery-columns-10 .gallery-item{max-width:10%}}@media (min-width:480px) and (max-width:767px){.elementor-image-gallery .gallery.gallery-columns-2 .gallery-item,.elementor-image-gallery .gallery.gallery-columns-3 .gallery-item,.elementor-image-gallery .gallery.gallery-columns-4 .gallery-item,.elementor-image-gallery .gallery.gallery-columns-5 .gallery-item,.elementor-image-gallery .gallery.gallery-columns-6 .gallery-item,.elementor-image-gallery .gallery.gallery-columns-7 .gallery-item,.elementor-image-gallery .gallery.gallery-columns-8 .gallery-item,.elementor-image-gallery .gallery.gallery-columns-9 .gallery-item,.elementor-image-gallery .gallery.gallery-columns-10 .gallery-item{max-width:50%}}@media (max-width:479px){.elementor-image-gallery .gallery.gallery-columns-2 .gallery-item,.elementor-image-gallery .gallery.gallery-columns-3 .gallery-item,.elementor-image-gallery .gallery.gallery-columns-4 .gallery-item,.elementor-image-gallery .gallery.gallery-columns-5 .gallery-item,.elementor-image-gallery .gallery.gallery-columns-6 .gallery-item,.elementor-image-gallery .gallery.gallery-columns-7 .gallery-item,.elementor-image-gallery .gallery.gallery-columns-8 .gallery-item,.elementor-image-gallery .gallery.gallery-columns-9 .gallery-item,.elementor-image-gallery .gallery.gallery-columns-10 .gallery-item{max-width:100%}}<\/style>\t\t<div class=\"elementor-image-gallery\">\n\t\t\t\n\t\t<style type=\"text\/css\">\n\t\t\t#gallery-1 {\n\t\t\t\tmargin: auto;\n\t\t\t}\n\t\t\t#gallery-1 .gallery-item {\n\t\t\t\tfloat: left;\n\t\t\t\tmargin-top: 10px;\n\t\t\t\ttext-align: center;\n\t\t\t\twidth: 20%;\n\t\t\t}\n\t\t\t#gallery-1 img {\n\t\t\t\tborder: 2px solid #cfcfcf;\n\t\t\t}\n\t\t\t#gallery-1 .gallery-caption {\n\t\t\t\tmargin-left: 0;\n\t\t\t}\n\t\t\t\/* see gallery_shortcode() in wp-includes\/media.php *\/\n\t\t<\/style>\n\t\t<div id='gallery-1' class='gallery galleryid-5525 gallery-columns-5 gallery-size-thumbnail'><dl class='gallery-item'>\n\t\t\t<dt class='gallery-icon landscape'>\n\t\t\t\t<a data-elementor-open-lightbox=\"yes\" data-elementor-lightbox-slideshow=\"72b4cc6d\" data-elementor-lightbox-title=\"Fig. b\" data-e-action-hash=\"#elementor-action%3Aaction%3Dlightbox%26settings%3DeyJpZCI6MjE2NCwidXJsIjoiaHR0cHM6XC9cL3d3dy5wYWxhenpvbGFyb2NjYS5pdFwvd3AtY29udGVudFwvdXBsb2Fkc1wvMjAyM1wvMTBcL1Nhbl9QaWV0cm9fRXN0ZXJub183LmpwZyIsInNsaWRlc2hvdyI6IjcyYjRjYzZkIn0%3D\" href='https:\/\/www.palazzolarocca.it\/wp-content\/uploads\/2023\/10\/San_Pietro_Esterno_7.jpg'><img loading=\"lazy\" decoding=\"async\" width=\"150\" height=\"150\" src=\"https:\/\/www.palazzolarocca.it\/wp-content\/uploads\/2023\/10\/San_Pietro_Esterno_7-150x150.jpg\" class=\"attachment-thumbnail size-thumbnail\" alt=\"Statues \u00e0 l&#039;ext\u00e9rieur de la cath\u00e9drale de San Pietro, Modica\" aria-describedby=\"gallery-1-2164\" srcset=\"https:\/\/www.palazzolarocca.it\/wp-content\/uploads\/2023\/10\/San_Pietro_Esterno_7-150x150.jpg 150w, https:\/\/www.palazzolarocca.it\/wp-content\/uploads\/2023\/10\/San_Pietro_Esterno_7-100x100.jpg 100w, https:\/\/www.palazzolarocca.it\/wp-content\/uploads\/2023\/10\/San_Pietro_Esterno_7-300x300.jpg 300w, https:\/\/www.palazzolarocca.it\/wp-content\/uploads\/2023\/10\/San_Pietro_Esterno_7-500x500.jpg 500w\" sizes=\"auto, (max-width: 150px) 100vw, 150px\" \/><\/a>\n\t\t\t<\/dt>\n\t\t\t\t<dd class='wp-caption-text gallery-caption' id='gallery-1-2164'>\n\t\t\t\tFig. b\n\t\t\t\t<\/dd><\/dl><dl class='gallery-item'>\n\t\t\t<dt class='gallery-icon landscape'>\n\t\t\t\t<a data-elementor-open-lightbox=\"yes\" data-elementor-lightbox-slideshow=\"72b4cc6d\" data-elementor-lightbox-title=\"Fig. c\" data-e-action-hash=\"#elementor-action%3Aaction%3Dlightbox%26settings%3DeyJpZCI6NDc0OCwidXJsIjoiaHR0cHM6XC9cL3d3dy5wYWxhenpvbGFyb2NjYS5pdFwvd3AtY29udGVudFwvdXBsb2Fkc1wvMjAyM1wvMTBcLzItMi5qcGciLCJzbGlkZXNob3ciOiI3MmI0Y2M2ZCJ9\" href='https:\/\/www.palazzolarocca.it\/wp-content\/uploads\/2023\/10\/2-2.jpg'><img loading=\"lazy\" decoding=\"async\" width=\"150\" height=\"150\" src=\"https:\/\/www.palazzolarocca.it\/wp-content\/uploads\/2023\/10\/2-2-150x150.jpg\" class=\"attachment-thumbnail size-thumbnail\" alt=\"Modica, duomo di San Pietro\" aria-describedby=\"gallery-1-4748\" srcset=\"https:\/\/www.palazzolarocca.it\/wp-content\/uploads\/2023\/10\/2-2-150x150.jpg 150w, https:\/\/www.palazzolarocca.it\/wp-content\/uploads\/2023\/10\/2-2-100x100.jpg 100w, https:\/\/www.palazzolarocca.it\/wp-content\/uploads\/2023\/10\/2-2-1024x1024.jpg 1024w, https:\/\/www.palazzolarocca.it\/wp-content\/uploads\/2023\/10\/2-2-300x300.jpg 300w, https:\/\/www.palazzolarocca.it\/wp-content\/uploads\/2023\/10\/2-2-500x500.jpg 500w\" sizes=\"auto, (max-width: 150px) 100vw, 150px\" \/><\/a>\n\t\t\t<\/dt>\n\t\t\t\t<dd class='wp-caption-text gallery-caption' id='gallery-1-4748'>\n\t\t\t\tFig. c\n\t\t\t\t<\/dd><\/dl><dl class='gallery-item'>\n\t\t\t<dt class='gallery-icon landscape'>\n\t\t\t\t<a data-elementor-open-lightbox=\"yes\" data-elementor-lightbox-slideshow=\"72b4cc6d\" data-elementor-lightbox-title=\"Fig. d\" data-e-action-hash=\"#elementor-action%3Aaction%3Dlightbox%26settings%3DeyJpZCI6MjE3MiwidXJsIjoiaHR0cHM6XC9cL3d3dy5wYWxhenpvbGFyb2NjYS5pdFwvd3AtY29udGVudFwvdXBsb2Fkc1wvMjAyM1wvMTBcL0Fkb2JlU3RvY2tfNTUyNjU0NzM3LXNjYWxlZC5qcGVnIiwic2xpZGVzaG93IjoiNzJiNGNjNmQifQ%3D%3D\" href='https:\/\/www.palazzolarocca.it\/wp-content\/uploads\/2023\/10\/AdobeStock_552654737-scaled.jpeg'><img loading=\"lazy\" decoding=\"async\" width=\"150\" height=\"150\" src=\"https:\/\/www.palazzolarocca.it\/wp-content\/uploads\/2023\/10\/AdobeStock_552654737-150x150.jpeg\" class=\"attachment-thumbnail size-thumbnail\" alt=\"Int\u00e9rieur de la cath\u00e9drale de San Pietro, Modica\" aria-describedby=\"gallery-1-2172\" srcset=\"https:\/\/www.palazzolarocca.it\/wp-content\/uploads\/2023\/10\/AdobeStock_552654737-150x150.jpeg 150w, https:\/\/www.palazzolarocca.it\/wp-content\/uploads\/2023\/10\/AdobeStock_552654737-100x100.jpeg 100w, https:\/\/www.palazzolarocca.it\/wp-content\/uploads\/2023\/10\/AdobeStock_552654737-1024x1024.jpeg 1024w, https:\/\/www.palazzolarocca.it\/wp-content\/uploads\/2023\/10\/AdobeStock_552654737-300x300.jpeg 300w, https:\/\/www.palazzolarocca.it\/wp-content\/uploads\/2023\/10\/AdobeStock_552654737-500x500.jpeg 500w\" sizes=\"auto, (max-width: 150px) 100vw, 150px\" \/><\/a>\n\t\t\t<\/dt>\n\t\t\t\t<dd class='wp-caption-text gallery-caption' id='gallery-1-2172'>\n\t\t\t\tFig. d\n\t\t\t\t<\/dd><\/dl><dl class='gallery-item'>\n\t\t\t<dt class='gallery-icon portrait'>\n\t\t\t\t<a data-elementor-open-lightbox=\"yes\" data-elementor-lightbox-slideshow=\"72b4cc6d\" data-elementor-lightbox-title=\"Fig. e\" data-e-action-hash=\"#elementor-action%3Aaction%3Dlightbox%26settings%3DeyJpZCI6NDc1NCwidXJsIjoiaHR0cHM6XC9cL3d3dy5wYWxhenpvbGFyb2NjYS5pdFwvd3AtY29udGVudFwvdXBsb2Fkc1wvMjAyM1wvMTBcLzYtMy5qcGciLCJzbGlkZXNob3ciOiI3MmI0Y2M2ZCJ9\" href='https:\/\/www.palazzolarocca.it\/wp-content\/uploads\/2023\/10\/6-3.jpg'><img loading=\"lazy\" decoding=\"async\" width=\"150\" height=\"150\" src=\"https:\/\/www.palazzolarocca.it\/wp-content\/uploads\/2023\/10\/6-3-150x150.jpg\" class=\"attachment-thumbnail size-thumbnail\" alt=\"Modica, Duomo di San Pietro\" aria-describedby=\"gallery-1-4754\" srcset=\"https:\/\/www.palazzolarocca.it\/wp-content\/uploads\/2023\/10\/6-3-150x150.jpg 150w, https:\/\/www.palazzolarocca.it\/wp-content\/uploads\/2023\/10\/6-3-100x100.jpg 100w, https:\/\/www.palazzolarocca.it\/wp-content\/uploads\/2023\/10\/6-3-1024x1024.jpg 1024w, https:\/\/www.palazzolarocca.it\/wp-content\/uploads\/2023\/10\/6-3-300x300.jpg 300w, https:\/\/www.palazzolarocca.it\/wp-content\/uploads\/2023\/10\/6-3-500x500.jpg 500w\" sizes=\"auto, (max-width: 150px) 100vw, 150px\" \/><\/a>\n\t\t\t<\/dt>\n\t\t\t\t<dd class='wp-caption-text gallery-caption' id='gallery-1-4754'>\n\t\t\t\tFig. e\n\t\t\t\t<\/dd><\/dl><dl class='gallery-item'>\n\t\t\t<dt class='gallery-icon portrait'>\n\t\t\t\t<a data-elementor-open-lightbox=\"yes\" data-elementor-lightbox-slideshow=\"72b4cc6d\" data-elementor-lightbox-title=\"Fig. f\" data-e-action-hash=\"#elementor-action%3Aaction%3Dlightbox%26settings%3DeyJpZCI6NTgxMywidXJsIjoiaHR0cHM6XC9cL3d3dy5wYWxhenpvbGFyb2NjYS5pdFwvd3AtY29udGVudFwvdXBsb2Fkc1wvMjAyM1wvMTBcL0ZpZy4tZS1NR18xODU1LmpwZyIsInNsaWRlc2hvdyI6IjcyYjRjYzZkIn0%3D\" href='https:\/\/www.palazzolarocca.it\/wp-content\/uploads\/2023\/10\/Fig.-e-MG_1855.jpg'><img loading=\"lazy\" decoding=\"async\" width=\"150\" height=\"150\" src=\"https:\/\/www.palazzolarocca.it\/wp-content\/uploads\/2023\/10\/Fig.-e-MG_1855-150x150.jpg\" class=\"attachment-thumbnail size-thumbnail\" alt=\"Interno della chiesa con altare\" aria-describedby=\"gallery-1-5813\" srcset=\"https:\/\/www.palazzolarocca.it\/wp-content\/uploads\/2023\/10\/Fig.-e-MG_1855-150x150.jpg 150w, https:\/\/www.palazzolarocca.it\/wp-content\/uploads\/2023\/10\/Fig.-e-MG_1855-100x100.jpg 100w, https:\/\/www.palazzolarocca.it\/wp-content\/uploads\/2023\/10\/Fig.-e-MG_1855-300x300.jpg 300w, https:\/\/www.palazzolarocca.it\/wp-content\/uploads\/2023\/10\/Fig.-e-MG_1855-500x500.jpg 500w\" sizes=\"auto, (max-width: 150px) 100vw, 150px\" \/><\/a>\n\t\t\t<\/dt>\n\t\t\t\t<dd class='wp-caption-text gallery-caption' id='gallery-1-5813'>\n\t\t\t\tFig. f\n\t\t\t\t<\/dd><\/dl><br style=\"clear: both\" \/>\n\t\t<\/div>\n\t\t<\/div>\n\t\t\t\t<\/div>\n\t\t\t\t<\/div>\n\t\t\t\t\t<\/div>\n\t\t\t\t<\/div>\n\t\t\t\t\t<\/div>\n\t\t\t\t<\/div>\n\t\t\t\t\t\t\t<\/div>\n\t\t","protected":false},"excerpt":{"rendered":"<p>Une \u00e9glise Saint-Pierre existait d\u00e9j\u00e0 au XIVe s., qui fut d\u00e9truite lors du tremblement de terre de 1693. Elle fut reb\u00e2tie au d\u00e9but du XVIIIe s., au sommet d&rsquo;un grand escalier<\/p>\n","protected":false},"author":5,"featured_media":2174,"comment_status":"closed","ping_status":"closed","sticky":false,"template":"elementor_header_footer","format":"standard","meta":{"footnotes":""},"categories":[39],"tags":[],"class_list":["post-5525","post","type-post","status-publish","format-standard","has-post-thumbnail","hentry","category-modica-fr"],"yoast_head":"<!-- This site is optimized with the Yoast SEO plugin v21.5 - https:\/\/yoast.com\/wordpress\/plugins\/seo\/ -->\n<title>1. D\u00f4me Saint-Pierre - PALAZZO LA ROCCA<\/title>\n<meta name=\"robots\" content=\"index, follow, max-snippet:-1, max-image-preview:large, max-video-preview:-1\" \/>\n<link rel=\"canonical\" href=\"https:\/\/www.palazzolarocca.it\/fr\/modica-fr\/1-dome-saint-pierre\/\" \/>\n<meta property=\"og:locale\" content=\"fr_FR\" \/>\n<meta property=\"og:type\" content=\"article\" \/>\n<meta property=\"og:title\" content=\"1. D\u00f4me Saint-Pierre - PALAZZO LA ROCCA\" \/>\n<meta property=\"og:description\" content=\"Une \u00e9glise Saint-Pierre existait d\u00e9j\u00e0 au XIVe s., qui fut d\u00e9truite lors du tremblement de terre de 1693. Elle fut reb\u00e2tie au d\u00e9but du XVIIIe s., au sommet d&#039;un grand escalier\" \/>\n<meta property=\"og:url\" content=\"https:\/\/www.palazzolarocca.it\/fr\/modica-fr\/1-dome-saint-pierre\/\" \/>\n<meta property=\"og:site_name\" content=\"PALAZZO LA ROCCA\" \/>\n<meta property=\"article:published_time\" content=\"2023-10-04T08:51:23+00:00\" \/>\n<meta property=\"article:modified_time\" content=\"2025-12-16T14:54:33+00:00\" \/>\n<meta property=\"og:image\" content=\"https:\/\/www.palazzolarocca.it\/wp-content\/uploads\/2023\/10\/AdobeStock_153598908-1-scaled.jpeg\" \/>\n\t<meta property=\"og:image:width\" content=\"2560\" \/>\n\t<meta property=\"og:image:height\" content=\"1707\" \/>\n\t<meta property=\"og:image:type\" content=\"image\/jpeg\" \/>\n<meta name=\"author\" content=\"giulio@ragusa\" \/>\n<meta name=\"twitter:card\" content=\"summary_large_image\" \/>\n<meta name=\"twitter:label1\" content=\"\u00c9crit par\" \/>\n\t<meta name=\"twitter:data1\" content=\"giulio@ragusa\" \/>\n\t<meta name=\"twitter:label2\" content=\"Dur\u00e9e de lecture estim\u00e9e\" \/>\n\t<meta name=\"twitter:data2\" content=\"3 minutes\" \/>\n<script type=\"application\/ld+json\" class=\"yoast-schema-graph\">{\"@context\":\"https:\/\/schema.org\",\"@graph\":[{\"@type\":\"Article\",\"@id\":\"https:\/\/www.palazzolarocca.it\/fr\/modica-fr\/1-dome-saint-pierre\/#article\",\"isPartOf\":{\"@id\":\"https:\/\/www.palazzolarocca.it\/fr\/modica-fr\/1-dome-saint-pierre\/\"},\"author\":{\"name\":\"giulio@ragusa\",\"@id\":\"https:\/\/www.palazzolarocca.it\/fr\/#\/schema\/person\/fd41e3ec0aedee55a3b9f2665ba8c9fc\"},\"headline\":\"1. D\u00f4me Saint-Pierre\",\"datePublished\":\"2023-10-04T08:51:23+00:00\",\"dateModified\":\"2025-12-16T14:54:33+00:00\",\"mainEntityOfPage\":{\"@id\":\"https:\/\/www.palazzolarocca.it\/fr\/modica-fr\/1-dome-saint-pierre\/\"},\"wordCount\":336,\"publisher\":{\"@id\":\"https:\/\/www.palazzolarocca.it\/fr\/#organization\"},\"articleSection\":[\"Modica\"],\"inLanguage\":\"fr-FR\"},{\"@type\":\"WebPage\",\"@id\":\"https:\/\/www.palazzolarocca.it\/fr\/modica-fr\/1-dome-saint-pierre\/\",\"url\":\"https:\/\/www.palazzolarocca.it\/fr\/modica-fr\/1-dome-saint-pierre\/\",\"name\":\"1. D\u00f4me Saint-Pierre - PALAZZO LA ROCCA\",\"isPartOf\":{\"@id\":\"https:\/\/www.palazzolarocca.it\/fr\/#website\"},\"datePublished\":\"2023-10-04T08:51:23+00:00\",\"dateModified\":\"2025-12-16T14:54:33+00:00\",\"breadcrumb\":{\"@id\":\"https:\/\/www.palazzolarocca.it\/fr\/modica-fr\/1-dome-saint-pierre\/#breadcrumb\"},\"inLanguage\":\"fr-FR\",\"potentialAction\":[{\"@type\":\"ReadAction\",\"target\":[\"https:\/\/www.palazzolarocca.it\/fr\/modica-fr\/1-dome-saint-pierre\/\"]}]},{\"@type\":\"BreadcrumbList\",\"@id\":\"https:\/\/www.palazzolarocca.it\/fr\/modica-fr\/1-dome-saint-pierre\/#breadcrumb\",\"itemListElement\":[{\"@type\":\"ListItem\",\"position\":1,\"name\":\"Home\",\"item\":\"https:\/\/www.palazzolarocca.it\/fr\/home\/\"},{\"@type\":\"ListItem\",\"position\":2,\"name\":\"1. D\u00f4me Saint-Pierre\"}]},{\"@type\":\"WebSite\",\"@id\":\"https:\/\/www.palazzolarocca.it\/fr\/#website\",\"url\":\"https:\/\/www.palazzolarocca.it\/fr\/\",\"name\":\"PALAZZO LA ROCCA\",\"description\":\"Le citt\u00e0 tardo barocche Iblee del Patrimonio Unesco\",\"publisher\":{\"@id\":\"https:\/\/www.palazzolarocca.it\/fr\/#organization\"},\"potentialAction\":[{\"@type\":\"SearchAction\",\"target\":{\"@type\":\"EntryPoint\",\"urlTemplate\":\"https:\/\/www.palazzolarocca.it\/fr\/?s={search_term_string}\"},\"query-input\":\"required name=search_term_string\"}],\"inLanguage\":\"fr-FR\"},{\"@type\":\"Organization\",\"@id\":\"https:\/\/www.palazzolarocca.it\/fr\/#organization\",\"name\":\"PALAZZO LA ROCCA\",\"url\":\"https:\/\/www.palazzolarocca.it\/fr\/\",\"logo\":{\"@type\":\"ImageObject\",\"inLanguage\":\"fr-FR\",\"@id\":\"https:\/\/www.palazzolarocca.it\/fr\/#\/schema\/logo\/image\/\",\"url\":\"https:\/\/www.palazzolarocca.it\/wp-content\/uploads\/2023\/10\/cropped-logo_istituzionale_ridotto-2.png\",\"contentUrl\":\"https:\/\/www.palazzolarocca.it\/wp-content\/uploads\/2023\/10\/cropped-logo_istituzionale_ridotto-2.png\",\"width\":80,\"height\":13,\"caption\":\"PALAZZO LA ROCCA\"},\"image\":{\"@id\":\"https:\/\/www.palazzolarocca.it\/fr\/#\/schema\/logo\/image\/\"}},{\"@type\":\"Person\",\"@id\":\"https:\/\/www.palazzolarocca.it\/fr\/#\/schema\/person\/fd41e3ec0aedee55a3b9f2665ba8c9fc\",\"name\":\"giulio@ragusa\",\"image\":{\"@type\":\"ImageObject\",\"inLanguage\":\"fr-FR\",\"@id\":\"https:\/\/www.palazzolarocca.it\/fr\/#\/schema\/person\/image\/\",\"url\":\"https:\/\/secure.gravatar.com\/avatar\/498eed2e780d104809483ab9c7bb07e87786f1ea798baa4aa9e088e0bbff0a40?s=96&d=mm&r=g\",\"contentUrl\":\"https:\/\/secure.gravatar.com\/avatar\/498eed2e780d104809483ab9c7bb07e87786f1ea798baa4aa9e088e0bbff0a40?s=96&d=mm&r=g\",\"caption\":\"giulio@ragusa\"},\"url\":\"https:\/\/www.palazzolarocca.it\/fr\/author\/giulioragusa\/\"}]}<\/script>\n<!-- \/ Yoast SEO plugin. -->","yoast_head_json":{"title":"1. D\u00f4me Saint-Pierre - PALAZZO LA ROCCA","robots":{"index":"index","follow":"follow","max-snippet":"max-snippet:-1","max-image-preview":"max-image-preview:large","max-video-preview":"max-video-preview:-1"},"canonical":"https:\/\/www.palazzolarocca.it\/fr\/modica-fr\/1-dome-saint-pierre\/","og_locale":"fr_FR","og_type":"article","og_title":"1. D\u00f4me Saint-Pierre - PALAZZO LA ROCCA","og_description":"Une \u00e9glise Saint-Pierre existait d\u00e9j\u00e0 au XIVe s., qui fut d\u00e9truite lors du tremblement de terre de 1693. Elle fut reb\u00e2tie au d\u00e9but du XVIIIe s., au sommet d'un grand escalier","og_url":"https:\/\/www.palazzolarocca.it\/fr\/modica-fr\/1-dome-saint-pierre\/","og_site_name":"PALAZZO LA ROCCA","article_published_time":"2023-10-04T08:51:23+00:00","article_modified_time":"2025-12-16T14:54:33+00:00","og_image":[{"width":2560,"height":1707,"url":"https:\/\/www.palazzolarocca.it\/wp-content\/uploads\/2023\/10\/AdobeStock_153598908-1-scaled.jpeg","type":"image\/jpeg"}],"author":"giulio@ragusa","twitter_card":"summary_large_image","twitter_misc":{"\u00c9crit par":"giulio@ragusa","Dur\u00e9e de lecture estim\u00e9e":"3 minutes"},"schema":{"@context":"https:\/\/schema.org","@graph":[{"@type":"Article","@id":"https:\/\/www.palazzolarocca.it\/fr\/modica-fr\/1-dome-saint-pierre\/#article","isPartOf":{"@id":"https:\/\/www.palazzolarocca.it\/fr\/modica-fr\/1-dome-saint-pierre\/"},"author":{"name":"giulio@ragusa","@id":"https:\/\/www.palazzolarocca.it\/fr\/#\/schema\/person\/fd41e3ec0aedee55a3b9f2665ba8c9fc"},"headline":"1. D\u00f4me Saint-Pierre","datePublished":"2023-10-04T08:51:23+00:00","dateModified":"2025-12-16T14:54:33+00:00","mainEntityOfPage":{"@id":"https:\/\/www.palazzolarocca.it\/fr\/modica-fr\/1-dome-saint-pierre\/"},"wordCount":336,"publisher":{"@id":"https:\/\/www.palazzolarocca.it\/fr\/#organization"},"articleSection":["Modica"],"inLanguage":"fr-FR"},{"@type":"WebPage","@id":"https:\/\/www.palazzolarocca.it\/fr\/modica-fr\/1-dome-saint-pierre\/","url":"https:\/\/www.palazzolarocca.it\/fr\/modica-fr\/1-dome-saint-pierre\/","name":"1. D\u00f4me Saint-Pierre - PALAZZO LA ROCCA","isPartOf":{"@id":"https:\/\/www.palazzolarocca.it\/fr\/#website"},"datePublished":"2023-10-04T08:51:23+00:00","dateModified":"2025-12-16T14:54:33+00:00","breadcrumb":{"@id":"https:\/\/www.palazzolarocca.it\/fr\/modica-fr\/1-dome-saint-pierre\/#breadcrumb"},"inLanguage":"fr-FR","potentialAction":[{"@type":"ReadAction","target":["https:\/\/www.palazzolarocca.it\/fr\/modica-fr\/1-dome-saint-pierre\/"]}]},{"@type":"BreadcrumbList","@id":"https:\/\/www.palazzolarocca.it\/fr\/modica-fr\/1-dome-saint-pierre\/#breadcrumb","itemListElement":[{"@type":"ListItem","position":1,"name":"Home","item":"https:\/\/www.palazzolarocca.it\/fr\/home\/"},{"@type":"ListItem","position":2,"name":"1. D\u00f4me Saint-Pierre"}]},{"@type":"WebSite","@id":"https:\/\/www.palazzolarocca.it\/fr\/#website","url":"https:\/\/www.palazzolarocca.it\/fr\/","name":"PALAZZO LA ROCCA","description":"Le citt\u00e0 tardo barocche Iblee del Patrimonio Unesco","publisher":{"@id":"https:\/\/www.palazzolarocca.it\/fr\/#organization"},"potentialAction":[{"@type":"SearchAction","target":{"@type":"EntryPoint","urlTemplate":"https:\/\/www.palazzolarocca.it\/fr\/?s={search_term_string}"},"query-input":"required name=search_term_string"}],"inLanguage":"fr-FR"},{"@type":"Organization","@id":"https:\/\/www.palazzolarocca.it\/fr\/#organization","name":"PALAZZO LA ROCCA","url":"https:\/\/www.palazzolarocca.it\/fr\/","logo":{"@type":"ImageObject","inLanguage":"fr-FR","@id":"https:\/\/www.palazzolarocca.it\/fr\/#\/schema\/logo\/image\/","url":"https:\/\/www.palazzolarocca.it\/wp-content\/uploads\/2023\/10\/cropped-logo_istituzionale_ridotto-2.png","contentUrl":"https:\/\/www.palazzolarocca.it\/wp-content\/uploads\/2023\/10\/cropped-logo_istituzionale_ridotto-2.png","width":80,"height":13,"caption":"PALAZZO LA ROCCA"},"image":{"@id":"https:\/\/www.palazzolarocca.it\/fr\/#\/schema\/logo\/image\/"}},{"@type":"Person","@id":"https:\/\/www.palazzolarocca.it\/fr\/#\/schema\/person\/fd41e3ec0aedee55a3b9f2665ba8c9fc","name":"giulio@ragusa","image":{"@type":"ImageObject","inLanguage":"fr-FR","@id":"https:\/\/www.palazzolarocca.it\/fr\/#\/schema\/person\/image\/","url":"https:\/\/secure.gravatar.com\/avatar\/498eed2e780d104809483ab9c7bb07e87786f1ea798baa4aa9e088e0bbff0a40?s=96&d=mm&r=g","contentUrl":"https:\/\/secure.gravatar.com\/avatar\/498eed2e780d104809483ab9c7bb07e87786f1ea798baa4aa9e088e0bbff0a40?s=96&d=mm&r=g","caption":"giulio@ragusa"},"url":"https:\/\/www.palazzolarocca.it\/fr\/author\/giulioragusa\/"}]}},"_links":{"self":[{"href":"https:\/\/www.palazzolarocca.it\/fr\/wp-json\/wp\/v2\/posts\/5525","targetHints":{"allow":["GET"]}}],"collection":[{"href":"https:\/\/www.palazzolarocca.it\/fr\/wp-json\/wp\/v2\/posts"}],"about":[{"href":"https:\/\/www.palazzolarocca.it\/fr\/wp-json\/wp\/v2\/types\/post"}],"author":[{"embeddable":true,"href":"https:\/\/www.palazzolarocca.it\/fr\/wp-json\/wp\/v2\/users\/5"}],"replies":[{"embeddable":true,"href":"https:\/\/www.palazzolarocca.it\/fr\/wp-json\/wp\/v2\/comments?post=5525"}],"version-history":[{"count":24,"href":"https:\/\/www.palazzolarocca.it\/fr\/wp-json\/wp\/v2\/posts\/5525\/revisions"}],"predecessor-version":[{"id":9564,"href":"https:\/\/www.palazzolarocca.it\/fr\/wp-json\/wp\/v2\/posts\/5525\/revisions\/9564"}],"wp:featuredmedia":[{"embeddable":true,"href":"https:\/\/www.palazzolarocca.it\/fr\/wp-json\/wp\/v2\/media\/2174"}],"wp:attachment":[{"href":"https:\/\/www.palazzolarocca.it\/fr\/wp-json\/wp\/v2\/media?parent=5525"}],"wp:term":[{"taxonomy":"category","embeddable":true,"href":"https:\/\/www.palazzolarocca.it\/fr\/wp-json\/wp\/v2\/categories?post=5525"},{"taxonomy":"post_tag","embeddable":true,"href":"https:\/\/www.palazzolarocca.it\/fr\/wp-json\/wp\/v2\/tags?post=5525"}],"curies":[{"name":"wp","href":"https:\/\/api.w.org\/{rel}","templated":true}]}}