{"id":5773,"date":"2023-10-16T11:42:09","date_gmt":"2023-10-16T09:42:09","guid":{"rendered":"https:\/\/www.palazzolarocca.it\/non-classifiee\/6-eglise-saint-dominique-et-couvent-des-dominicains\/"},"modified":"2024-07-26T11:25:23","modified_gmt":"2024-07-26T09:25:23","slug":"6-eglise-saint-dominique-et-couvent-des-dominicains","status":"publish","type":"post","link":"https:\/\/www.palazzolarocca.it\/fr\/modica-fr\/6-eglise-saint-dominique-et-couvent-des-dominicains\/","title":{"rendered":"6. \u00c9glise Saint-Dominique et couvent des P\u00e8res dominicains"},"content":{"rendered":"\t\t<div data-elementor-type=\"wp-post\" data-elementor-id=\"5773\" class=\"elementor elementor-5773 elementor-1489\">\n\t\t\t\t\t\t\t<div class=\"elementor-element elementor-element-71a8ae56 e-flex e-con-boxed e-con\" data-id=\"71a8ae56\" data-element_type=\"container\" data-settings=\"{&quot;content_width&quot;:&quot;boxed&quot;}\">\n\t\t\t\t\t<div class=\"e-con-inner\">\n\t\t\t\t<div class=\"elementor-element elementor-element-422e2bbf elementor-widget elementor-widget-heading\" data-id=\"422e2bbf\" data-element_type=\"widget\" data-widget_type=\"heading.default\">\n\t\t\t\t<div class=\"elementor-widget-container\">\n\t\t\t<style>\/*! elementor - v3.15.0 - 02-08-2023 *\/\n.elementor-heading-title{padding:0;margin:0;line-height:1}.elementor-widget-heading .elementor-heading-title[class*=elementor-size-]>a{color:inherit;font-size:inherit;line-height:inherit}.elementor-widget-heading .elementor-heading-title.elementor-size-small{font-size:15px}.elementor-widget-heading .elementor-heading-title.elementor-size-medium{font-size:19px}.elementor-widget-heading .elementor-heading-title.elementor-size-large{font-size:29px}.elementor-widget-heading .elementor-heading-title.elementor-size-xl{font-size:39px}.elementor-widget-heading .elementor-heading-title.elementor-size-xxl{font-size:59px}<\/style><h1 class=\"elementor-heading-title elementor-size-default\">6. \u00c9glise Saint-Dominique et couvent des P\u00e8res dominicains<\/h1>\t\t<\/div>\n\t\t\t\t<\/div>\n\t\t\t\t<div class=\"elementor-element elementor-element-d672905 elementor-widget elementor-widget-text-editor\" data-id=\"d672905\" data-element_type=\"widget\" data-widget_type=\"text-editor.default\">\n\t\t\t\t<div class=\"elementor-widget-container\">\n\t\t\t<style>\/*! elementor - v3.15.0 - 02-08-2023 *\/\n.elementor-widget-text-editor.elementor-drop-cap-view-stacked .elementor-drop-cap{background-color:#69727d;color:#fff}.elementor-widget-text-editor.elementor-drop-cap-view-framed .elementor-drop-cap{color:#69727d;border:3px solid;background-color:transparent}.elementor-widget-text-editor:not(.elementor-drop-cap-view-default) .elementor-drop-cap{margin-top:8px}.elementor-widget-text-editor:not(.elementor-drop-cap-view-default) .elementor-drop-cap-letter{width:1em;height:1em}.elementor-widget-text-editor .elementor-drop-cap{float:left;text-align:center;line-height:1;font-size:50px}.elementor-widget-text-editor .elementor-drop-cap-letter{display:inline-block}<\/style>\t\t\t\t<p>Via S. Domenico &#8211; 97015 Modica, RG<\/p>\n\t\t\t\t\t\t<\/div>\n\t\t\t\t<\/div>\n\t\t\t\t<div class=\"elementor-element elementor-element-7e4ffaec elementor-widget elementor-widget-image\" data-id=\"7e4ffaec\" data-element_type=\"widget\" data-widget_type=\"image.default\">\n\t\t\t\t<div class=\"elementor-widget-container\">\n\t\t\t<style>\/*! elementor - v3.15.0 - 02-08-2023 *\/\n.elementor-widget-image{text-align:center}.elementor-widget-image a{display:inline-block}.elementor-widget-image a img[src$=\".svg\"]{width:48px}.elementor-widget-image img{vertical-align:middle;display:inline-block}<\/style>\t\t\t\t\t\t\t\t\t\t\t\t<img decoding=\"async\" src=\"https:\/\/www.palazzolarocca.it\/wp-content\/uploads\/elementor\/thumbs\/1_taglio-centrale-esattamente-come-fatto-Copia-qgd0ynnq7uhbod5qvk4fwsed4ikh2ab1dmrku7ax68.jpg\" title=\"1_taglio centrale, esattamente come fatto &#8211; Copia\" alt=\"Facciata della chiesa\" loading=\"lazy\" \/>\t\t\t\t\t\t\t\t\t\t\t\t\t\t\t<\/div>\n\t\t\t\t<\/div>\n\t\t\t\t<div class=\"elementor-element elementor-element-eb2a81b elementor-widget elementor-widget-text-editor\" data-id=\"eb2a81b\" data-element_type=\"widget\" data-widget_type=\"text-editor.default\">\n\t\t\t\t<div class=\"elementor-widget-container\">\n\t\t\t\t\t\t\t<p>Fig. a<\/p>\n\t\t\t\t\t\t<\/div>\n\t\t\t\t<\/div>\n\t\t\t\t\t<\/div>\n\t\t\t\t<\/div>\n\t\t<div class=\"elementor-element elementor-element-328367fa e-flex e-con-boxed e-con\" data-id=\"328367fa\" data-element_type=\"container\" data-settings=\"{&quot;content_width&quot;:&quot;boxed&quot;}\">\n\t\t\t\t\t<div class=\"e-con-inner\">\n\t\t\t\t<div class=\"elementor-element elementor-element-24ec6e9d elementor-widget elementor-widget-text-editor\" data-id=\"24ec6e9d\" data-element_type=\"widget\" data-widget_type=\"text-editor.default\">\n\t\t\t\t<div class=\"elementor-widget-container\">\n\t\t\t\t\t\t\t<p>Le complexe fut d\u00e9truit par le tremblement de terre de 1613, reb\u00e2ti en 1678, et il r\u00e9sista au s\u00e9isme de 1693.<br \/>Sa fa\u00e7ade s&rsquo;\u00e9l\u00e8ve sur deux niveaux (Fig. b). dont le premier, r\u00e9alis\u00e9 avant le s\u00e9isme, pr\u00e9sente une inscription grav\u00e9e portant la date de 1678 (Fig. c), tandis que le second est le fruit de la reconstruction post-sismique. Le portail en arc est d\u00e9limit\u00e9 par deux hauts pilastres pos\u00e9s sur des bases et est surmont\u00e9 de la d\u00e9coration d&rsquo;une couronne et des symboles dominicains.<br \/>L&rsquo;\u00e9glise, \u00e9galement connue sous le nom d&rsquo;\u00e9glise du Rosaire, s&rsquo;ouvre sur une nef unique dont la vo\u00fbte en berceau est d\u00e9cor\u00e9e de stucs du Gianforma (Fig. d). Le presbyt\u00e8re abrite un autel en style rococo, au-dessus duquel on peut admirer un superbe polyptyque repr\u00e9sentant des \u00e9pisodes de la vie de saint Dominique (Fig. e).<br \/>Le couvent est le fruit de la reconstruction post-sismique et s&rsquo;\u00e9l\u00e8ve sur trois niveaux. \u00c0 l&rsquo;int\u00e9rieur, on peut admirer un clo\u00eetre \u00e0 plan rectangulaire de grandes dimensions, avec des vo\u00fbtes \u00e0 crois\u00e9e d&rsquo;ogives et des arcs en plein cintre mont\u00e9s sur des piliers (Fig. f).<br \/>On acc\u00e8de au premier \u00e9tage \u00e9galement par un escalier ext\u00e9rieur, plac\u00e9 entre l&rsquo;\u00e9glise et le couvent, qui conduit \u00e0 un long balcon qui sert de d\u00e9gagement aux salles donnant sur la rue.<br \/>Conform\u00e9ment aux r\u00e8gles dominicaines de lutte contre l&rsquo;h\u00e9r\u00e9sie, les fr\u00e8res pr\u00eacheurs furent charg\u00e9s de l&rsquo;Inquisition et le couvent fit ainsi longuement office de tribunal de l&rsquo;Inquisition. Apr\u00e8s les lois d&rsquo;\u00e9version de l&rsquo;\u00c9tat qui suivirent l&rsquo;unification italienne, le couvent fut confisqu\u00e9 et donn\u00e9 \u00e0 la commune de Modica, qui l&rsquo;utilise encore aujourd&rsquo;hui en tant que mairie. <\/p>\n\t\t\t\t\t\t<\/div>\n\t\t\t\t<\/div>\n\t\t\t\t\t<\/div>\n\t\t\t\t<\/div>\n\t\t<div class=\"elementor-element elementor-element-51a9d1e7 e-flex e-con-boxed elementor-invisible e-con\" data-id=\"51a9d1e7\" data-element_type=\"container\" data-settings=\"{&quot;background_background&quot;:&quot;classic&quot;,&quot;animation&quot;:&quot;fadeIn&quot;,&quot;content_width&quot;:&quot;boxed&quot;}\">\n\t\t\t\t\t<div class=\"e-con-inner\">\n\t\t<div class=\"elementor-element elementor-element-149cb804 e-flex e-con-boxed e-con\" data-id=\"149cb804\" data-element_type=\"container\" data-settings=\"{&quot;background_background&quot;:&quot;classic&quot;,&quot;animation&quot;:&quot;none&quot;,&quot;content_width&quot;:&quot;boxed&quot;}\">\n\t\t\t\t\t<div class=\"e-con-inner\">\n\t\t\t\t<div class=\"elementor-element elementor-element-4d0e76c0 elementor-widget elementor-widget-heading\" data-id=\"4d0e76c0\" data-element_type=\"widget\" data-widget_type=\"heading.default\">\n\t\t\t\t<div class=\"elementor-widget-container\">\n\t\t\t<h3 class=\"elementor-heading-title elementor-size-default\">Galerie de photos<\/h3>\t\t<\/div>\n\t\t\t\t<\/div>\n\t\t\t\t<div class=\"elementor-element elementor-element-4d39dabc gallery-spacing-custom elementor-widget elementor-widget-image-gallery\" data-id=\"4d39dabc\" data-element_type=\"widget\" data-widget_type=\"image-gallery.default\">\n\t\t\t\t<div class=\"elementor-widget-container\">\n\t\t\t<style>\/*! elementor - v3.15.0 - 02-08-2023 *\/\n.elementor-image-gallery .gallery-item{display:inline-block;text-align:center;vertical-align:top;width:100%;max-width:100%;margin:0 auto}.elementor-image-gallery .gallery-item img{margin:0 auto}.elementor-image-gallery .gallery-item .gallery-caption{margin:0}.elementor-image-gallery figure img{display:block}.elementor-image-gallery figure figcaption{width:100%}.gallery-spacing-custom .elementor-image-gallery .gallery-icon{padding:0}@media (min-width:768px){.elementor-image-gallery .gallery-columns-2 .gallery-item{max-width:50%}.elementor-image-gallery .gallery-columns-3 .gallery-item{max-width:33.33%}.elementor-image-gallery .gallery-columns-4 .gallery-item{max-width:25%}.elementor-image-gallery .gallery-columns-5 .gallery-item{max-width:20%}.elementor-image-gallery .gallery-columns-6 .gallery-item{max-width:16.666%}.elementor-image-gallery .gallery-columns-7 .gallery-item{max-width:14.28%}.elementor-image-gallery .gallery-columns-8 .gallery-item{max-width:12.5%}.elementor-image-gallery .gallery-columns-9 .gallery-item{max-width:11.11%}.elementor-image-gallery .gallery-columns-10 .gallery-item{max-width:10%}}@media (min-width:480px) and (max-width:767px){.elementor-image-gallery .gallery.gallery-columns-2 .gallery-item,.elementor-image-gallery .gallery.gallery-columns-3 .gallery-item,.elementor-image-gallery .gallery.gallery-columns-4 .gallery-item,.elementor-image-gallery .gallery.gallery-columns-5 .gallery-item,.elementor-image-gallery .gallery.gallery-columns-6 .gallery-item,.elementor-image-gallery .gallery.gallery-columns-7 .gallery-item,.elementor-image-gallery .gallery.gallery-columns-8 .gallery-item,.elementor-image-gallery .gallery.gallery-columns-9 .gallery-item,.elementor-image-gallery .gallery.gallery-columns-10 .gallery-item{max-width:50%}}@media (max-width:479px){.elementor-image-gallery .gallery.gallery-columns-2 .gallery-item,.elementor-image-gallery .gallery.gallery-columns-3 .gallery-item,.elementor-image-gallery .gallery.gallery-columns-4 .gallery-item,.elementor-image-gallery .gallery.gallery-columns-5 .gallery-item,.elementor-image-gallery .gallery.gallery-columns-6 .gallery-item,.elementor-image-gallery .gallery.gallery-columns-7 .gallery-item,.elementor-image-gallery .gallery.gallery-columns-8 .gallery-item,.elementor-image-gallery .gallery.gallery-columns-9 .gallery-item,.elementor-image-gallery .gallery.gallery-columns-10 .gallery-item{max-width:100%}}<\/style>\t\t<div class=\"elementor-image-gallery\">\n\t\t\t\n\t\t<style type=\"text\/css\">\n\t\t\t#gallery-1 {\n\t\t\t\tmargin: auto;\n\t\t\t}\n\t\t\t#gallery-1 .gallery-item {\n\t\t\t\tfloat: left;\n\t\t\t\tmargin-top: 10px;\n\t\t\t\ttext-align: center;\n\t\t\t\twidth: 20%;\n\t\t\t}\n\t\t\t#gallery-1 img {\n\t\t\t\tborder: 2px solid #cfcfcf;\n\t\t\t}\n\t\t\t#gallery-1 .gallery-caption {\n\t\t\t\tmargin-left: 0;\n\t\t\t}\n\t\t\t\/* see gallery_shortcode() in wp-includes\/media.php *\/\n\t\t<\/style>\n\t\t<div id='gallery-1' class='gallery galleryid-5773 gallery-columns-5 gallery-size-thumbnail'><dl class='gallery-item'>\n\t\t\t<dt class='gallery-icon landscape'>\n\t\t\t\t<a data-elementor-open-lightbox=\"yes\" data-elementor-lightbox-slideshow=\"4d39dabc\" data-elementor-lightbox-title=\"Fig. b\" data-e-action-hash=\"#elementor-action%3Aaction%3Dlightbox%26settings%3DeyJpZCI6NTkwOCwidXJsIjoiaHR0cHM6XC9cL3d3dy5wYWxhenpvbGFyb2NjYS5pdFwvd3AtY29udGVudFwvdXBsb2Fkc1wvMjAyM1wvMTBcL0ZpZy4tYS0xLTEuanBnIiwic2xpZGVzaG93IjoiNGQzOWRhYmMifQ%3D%3D\" href='https:\/\/www.palazzolarocca.it\/wp-content\/uploads\/2023\/10\/Fig.-a-1-1.jpg'><img loading=\"lazy\" decoding=\"async\" width=\"150\" height=\"150\" src=\"https:\/\/www.palazzolarocca.it\/wp-content\/uploads\/2023\/10\/Fig.-a-1-1-150x150.jpg\" class=\"attachment-thumbnail size-thumbnail\" alt=\"Facciata della chiesa\" aria-describedby=\"gallery-1-5908\" srcset=\"https:\/\/www.palazzolarocca.it\/wp-content\/uploads\/2023\/10\/Fig.-a-1-1-150x150.jpg 150w, https:\/\/www.palazzolarocca.it\/wp-content\/uploads\/2023\/10\/Fig.-a-1-1-100x100.jpg 100w, https:\/\/www.palazzolarocca.it\/wp-content\/uploads\/2023\/10\/Fig.-a-1-1-1024x1024.jpg 1024w, https:\/\/www.palazzolarocca.it\/wp-content\/uploads\/2023\/10\/Fig.-a-1-1-300x300.jpg 300w, https:\/\/www.palazzolarocca.it\/wp-content\/uploads\/2023\/10\/Fig.-a-1-1-500x500.jpg 500w\" sizes=\"auto, (max-width: 150px) 100vw, 150px\" \/><\/a>\n\t\t\t<\/dt>\n\t\t\t\t<dd class='wp-caption-text gallery-caption' id='gallery-1-5908'>\n\t\t\t\tFig. b\n\t\t\t\t<\/dd><\/dl><dl class='gallery-item'>\n\t\t\t<dt class='gallery-icon landscape'>\n\t\t\t\t<a data-elementor-open-lightbox=\"yes\" data-elementor-lightbox-slideshow=\"4d39dabc\" data-elementor-lightbox-title=\"Fig. c\" data-e-action-hash=\"#elementor-action%3Aaction%3Dlightbox%26settings%3DeyJpZCI6NTkwNSwidXJsIjoiaHR0cHM6XC9cL3d3dy5wYWxhenpvbGFyb2NjYS5pdFwvd3AtY29udGVudFwvdXBsb2Fkc1wvMjAyM1wvMTBcL0ZvdG8tZC0uanBnIiwic2xpZGVzaG93IjoiNGQzOWRhYmMifQ%3D%3D\" href='https:\/\/www.palazzolarocca.it\/wp-content\/uploads\/2023\/10\/Foto-d-.jpg'><img loading=\"lazy\" decoding=\"async\" width=\"150\" height=\"150\" src=\"https:\/\/www.palazzolarocca.it\/wp-content\/uploads\/2023\/10\/Foto-d--150x150.jpg\" class=\"attachment-thumbnail size-thumbnail\" alt=\"La facciata della chiesa dal basso\" aria-describedby=\"gallery-1-5905\" srcset=\"https:\/\/www.palazzolarocca.it\/wp-content\/uploads\/2023\/10\/Foto-d--150x150.jpg 150w, https:\/\/www.palazzolarocca.it\/wp-content\/uploads\/2023\/10\/Foto-d--100x100.jpg 100w, https:\/\/www.palazzolarocca.it\/wp-content\/uploads\/2023\/10\/Foto-d--1024x1024.jpg 1024w, https:\/\/www.palazzolarocca.it\/wp-content\/uploads\/2023\/10\/Foto-d--300x300.jpg 300w, https:\/\/www.palazzolarocca.it\/wp-content\/uploads\/2023\/10\/Foto-d--500x500.jpg 500w\" sizes=\"auto, (max-width: 150px) 100vw, 150px\" \/><\/a>\n\t\t\t<\/dt>\n\t\t\t\t<dd class='wp-caption-text gallery-caption' id='gallery-1-5905'>\n\t\t\t\tFig. c\n\t\t\t\t<\/dd><\/dl><dl class='gallery-item'>\n\t\t\t<dt class='gallery-icon landscape'>\n\t\t\t\t<a data-elementor-open-lightbox=\"yes\" data-elementor-lightbox-slideshow=\"4d39dabc\" data-elementor-lightbox-title=\"Fig. d\" data-e-action-hash=\"#elementor-action%3Aaction%3Dlightbox%26settings%3DeyJpZCI6NTg5OSwidXJsIjoiaHR0cHM6XC9cL3d3dy5wYWxhenpvbGFyb2NjYS5pdFwvd3AtY29udGVudFwvdXBsb2Fkc1wvMjAyM1wvMTBcL0ZpZy4tYi1iX01HXzA2NjguanBnIiwic2xpZGVzaG93IjoiNGQzOWRhYmMifQ%3D%3D\" href='https:\/\/www.palazzolarocca.it\/wp-content\/uploads\/2023\/10\/Fig.-b-b_MG_0668.jpg'><img loading=\"lazy\" decoding=\"async\" width=\"150\" height=\"150\" src=\"https:\/\/www.palazzolarocca.it\/wp-content\/uploads\/2023\/10\/Fig.-b-b_MG_0668-150x150.jpg\" class=\"attachment-thumbnail size-thumbnail\" alt=\"Interno della chiesa\" aria-describedby=\"gallery-1-5899\" srcset=\"https:\/\/www.palazzolarocca.it\/wp-content\/uploads\/2023\/10\/Fig.-b-b_MG_0668-150x150.jpg 150w, https:\/\/www.palazzolarocca.it\/wp-content\/uploads\/2023\/10\/Fig.-b-b_MG_0668-100x100.jpg 100w, https:\/\/www.palazzolarocca.it\/wp-content\/uploads\/2023\/10\/Fig.-b-b_MG_0668-300x300.jpg 300w, https:\/\/www.palazzolarocca.it\/wp-content\/uploads\/2023\/10\/Fig.-b-b_MG_0668-500x500.jpg 500w\" sizes=\"auto, (max-width: 150px) 100vw, 150px\" \/><\/a>\n\t\t\t<\/dt>\n\t\t\t\t<dd class='wp-caption-text gallery-caption' id='gallery-1-5899'>\n\t\t\t\tFig. d\n\t\t\t\t<\/dd><\/dl><dl class='gallery-item'>\n\t\t\t<dt class='gallery-icon portrait'>\n\t\t\t\t<a data-elementor-open-lightbox=\"yes\" data-elementor-lightbox-slideshow=\"4d39dabc\" data-elementor-lightbox-title=\"Fig. e\" data-e-action-hash=\"#elementor-action%3Aaction%3Dlightbox%26settings%3DeyJpZCI6NTkwMiwidXJsIjoiaHR0cHM6XC9cL3d3dy5wYWxhenpvbGFyb2NjYS5pdFwvd3AtY29udGVudFwvdXBsb2Fkc1wvMjAyM1wvMTBcL0ZvdG8tYy1fTUdfMDU5Ni5qcGciLCJzbGlkZXNob3ciOiI0ZDM5ZGFiYyJ9\" href='https:\/\/www.palazzolarocca.it\/wp-content\/uploads\/2023\/10\/Foto-c-_MG_0596.jpg'><img loading=\"lazy\" decoding=\"async\" width=\"150\" height=\"150\" src=\"https:\/\/www.palazzolarocca.it\/wp-content\/uploads\/2023\/10\/Foto-c-_MG_0596-150x150.jpg\" class=\"attachment-thumbnail size-thumbnail\" alt=\"Dipinto\" aria-describedby=\"gallery-1-5902\" srcset=\"https:\/\/www.palazzolarocca.it\/wp-content\/uploads\/2023\/10\/Foto-c-_MG_0596-150x150.jpg 150w, https:\/\/www.palazzolarocca.it\/wp-content\/uploads\/2023\/10\/Foto-c-_MG_0596-100x100.jpg 100w, https:\/\/www.palazzolarocca.it\/wp-content\/uploads\/2023\/10\/Foto-c-_MG_0596-300x300.jpg 300w, https:\/\/www.palazzolarocca.it\/wp-content\/uploads\/2023\/10\/Foto-c-_MG_0596-500x500.jpg 500w\" sizes=\"auto, (max-width: 150px) 100vw, 150px\" \/><\/a>\n\t\t\t<\/dt>\n\t\t\t\t<dd class='wp-caption-text gallery-caption' id='gallery-1-5902'>\n\t\t\t\tFig. e\n\t\t\t\t<\/dd><\/dl><dl class='gallery-item'>\n\t\t\t<dt class='gallery-icon landscape'>\n\t\t\t\t<a data-elementor-open-lightbox=\"yes\" data-elementor-lightbox-slideshow=\"4d39dabc\" data-elementor-lightbox-title=\"Fig. f\" data-e-action-hash=\"#elementor-action%3Aaction%3Dlightbox%26settings%3DeyJpZCI6NzE1NywidXJsIjoiaHR0cHM6XC9cL3d3dy5wYWxhenpvbGFyb2NjYS5pdFwvd3AtY29udGVudFwvdXBsb2Fkc1wvMjAyM1wvMTBcL01vZGljYS1TYW4tRG9tZW5pY28tQ2hpb3N0cm9fZm90b19mLTMuanBnIiwic2xpZGVzaG93IjoiNGQzOWRhYmMifQ%3D%3D\" href='https:\/\/www.palazzolarocca.it\/wp-content\/uploads\/2023\/10\/Modica-San-Domenico-Chiostro_foto_f-3.jpg'><img loading=\"lazy\" decoding=\"async\" width=\"150\" height=\"150\" src=\"https:\/\/www.palazzolarocca.it\/wp-content\/uploads\/2023\/10\/Modica-San-Domenico-Chiostro_foto_f-3-150x150.jpg\" class=\"attachment-thumbnail size-thumbnail\" alt=\"Chiostro della Chiesa di San\" aria-describedby=\"gallery-1-7157\" srcset=\"https:\/\/www.palazzolarocca.it\/wp-content\/uploads\/2023\/10\/Modica-San-Domenico-Chiostro_foto_f-3-150x150.jpg 150w, https:\/\/www.palazzolarocca.it\/wp-content\/uploads\/2023\/10\/Modica-San-Domenico-Chiostro_foto_f-3-100x100.jpg 100w, https:\/\/www.palazzolarocca.it\/wp-content\/uploads\/2023\/10\/Modica-San-Domenico-Chiostro_foto_f-3-1024x1024.jpg 1024w, https:\/\/www.palazzolarocca.it\/wp-content\/uploads\/2023\/10\/Modica-San-Domenico-Chiostro_foto_f-3-300x300.jpg 300w, https:\/\/www.palazzolarocca.it\/wp-content\/uploads\/2023\/10\/Modica-San-Domenico-Chiostro_foto_f-3-500x500.jpg 500w\" sizes=\"auto, (max-width: 150px) 100vw, 150px\" \/><\/a>\n\t\t\t<\/dt>\n\t\t\t\t<dd class='wp-caption-text gallery-caption' id='gallery-1-7157'>\n\t\t\t\tFig. f\n\t\t\t\t<\/dd><\/dl><br style=\"clear: both\" \/>\n\t\t<\/div>\n\t\t<\/div>\n\t\t\t\t<\/div>\n\t\t\t\t<\/div>\n\t\t\t\t\t<\/div>\n\t\t\t\t<\/div>\n\t\t\t\t\t<\/div>\n\t\t\t\t<\/div>\n\t\t\t\t\t\t\t<\/div>\n\t\t","protected":false},"excerpt":{"rendered":"<p>L&rsquo;\u00e9glise et le couvent Saint-Dominique furent construits en 1461 par les Fr\u00e8res pr\u00eacheurs dominicains, dont l&rsquo;ordre avait \u00e9t\u00e9 fond\u00e9 au d\u00e9but du<\/p>\n","protected":false},"author":3,"featured_media":2097,"comment_status":"open","ping_status":"open","sticky":false,"template":"elementor_header_footer","format":"standard","meta":{"footnotes":""},"categories":[39],"tags":[],"class_list":["post-5773","post","type-post","status-publish","format-standard","has-post-thumbnail","hentry","category-modica-fr"],"yoast_head":"<!-- This site is optimized with the Yoast SEO plugin v21.5 - https:\/\/yoast.com\/wordpress\/plugins\/seo\/ -->\n<title>6. \u00c9glise Saint-Dominique et couvent des P\u00e8res dominicains - PALAZZO LA ROCCA<\/title>\n<meta name=\"robots\" content=\"index, follow, max-snippet:-1, max-image-preview:large, max-video-preview:-1\" \/>\n<link rel=\"canonical\" href=\"https:\/\/www.palazzolarocca.it\/fr\/modica-fr\/6-eglise-saint-dominique-et-couvent-des-dominicains\/\" \/>\n<meta property=\"og:locale\" content=\"fr_FR\" \/>\n<meta property=\"og:type\" content=\"article\" \/>\n<meta property=\"og:title\" content=\"6. \u00c9glise Saint-Dominique et couvent des P\u00e8res dominicains - PALAZZO LA ROCCA\" \/>\n<meta property=\"og:description\" content=\"L&#039;\u00e9glise et le couvent Saint-Dominique furent construits en 1461 par les Fr\u00e8res pr\u00eacheurs dominicains, dont l&#039;ordre avait \u00e9t\u00e9 fond\u00e9 au d\u00e9but du\" \/>\n<meta property=\"og:url\" content=\"https:\/\/www.palazzolarocca.it\/fr\/modica-fr\/6-eglise-saint-dominique-et-couvent-des-dominicains\/\" \/>\n<meta property=\"og:site_name\" content=\"PALAZZO LA ROCCA\" \/>\n<meta property=\"article:published_time\" content=\"2023-10-16T09:42:09+00:00\" \/>\n<meta property=\"article:modified_time\" content=\"2024-07-26T09:25:23+00:00\" \/>\n<meta property=\"og:image\" content=\"https:\/\/www.palazzolarocca.it\/wp-content\/uploads\/2023\/09\/san-domenico--scaled.jpeg\" \/>\n\t<meta property=\"og:image:width\" content=\"2560\" \/>\n\t<meta property=\"og:image:height\" content=\"1709\" \/>\n\t<meta property=\"og:image:type\" content=\"image\/jpeg\" \/>\n<meta name=\"author\" content=\"alice@ragusa\" \/>\n<meta name=\"twitter:card\" content=\"summary_large_image\" \/>\n<meta name=\"twitter:label1\" content=\"\u00c9crit par\" \/>\n\t<meta name=\"twitter:data1\" content=\"alice@ragusa\" \/>\n\t<meta name=\"twitter:label2\" content=\"Dur\u00e9e de lecture estim\u00e9e\" \/>\n\t<meta name=\"twitter:data2\" content=\"3 minutes\" \/>\n<script type=\"application\/ld+json\" class=\"yoast-schema-graph\">{\"@context\":\"https:\/\/schema.org\",\"@graph\":[{\"@type\":\"Article\",\"@id\":\"https:\/\/www.palazzolarocca.it\/fr\/modica-fr\/6-eglise-saint-dominique-et-couvent-des-dominicains\/#article\",\"isPartOf\":{\"@id\":\"https:\/\/www.palazzolarocca.it\/fr\/modica-fr\/6-eglise-saint-dominique-et-couvent-des-dominicains\/\"},\"author\":{\"name\":\"alice@ragusa\",\"@id\":\"https:\/\/www.palazzolarocca.it\/fr\/#\/schema\/person\/dff5a495cfcd70a3030ce07696fdde3c\"},\"headline\":\"6. \u00c9glise Saint-Dominique et couvent des P\u00e8res dominicains\",\"datePublished\":\"2023-10-16T09:42:09+00:00\",\"dateModified\":\"2024-07-26T09:25:23+00:00\",\"mainEntityOfPage\":{\"@id\":\"https:\/\/www.palazzolarocca.it\/fr\/modica-fr\/6-eglise-saint-dominique-et-couvent-des-dominicains\/\"},\"wordCount\":340,\"commentCount\":0,\"publisher\":{\"@id\":\"https:\/\/www.palazzolarocca.it\/fr\/#organization\"},\"articleSection\":[\"Modica\"],\"inLanguage\":\"fr-FR\",\"potentialAction\":[{\"@type\":\"CommentAction\",\"name\":\"Comment\",\"target\":[\"https:\/\/www.palazzolarocca.it\/fr\/modica-fr\/6-eglise-saint-dominique-et-couvent-des-dominicains\/#respond\"]}]},{\"@type\":\"WebPage\",\"@id\":\"https:\/\/www.palazzolarocca.it\/fr\/modica-fr\/6-eglise-saint-dominique-et-couvent-des-dominicains\/\",\"url\":\"https:\/\/www.palazzolarocca.it\/fr\/modica-fr\/6-eglise-saint-dominique-et-couvent-des-dominicains\/\",\"name\":\"6. \u00c9glise Saint-Dominique et couvent des P\u00e8res dominicains - PALAZZO LA ROCCA\",\"isPartOf\":{\"@id\":\"https:\/\/www.palazzolarocca.it\/fr\/#website\"},\"datePublished\":\"2023-10-16T09:42:09+00:00\",\"dateModified\":\"2024-07-26T09:25:23+00:00\",\"breadcrumb\":{\"@id\":\"https:\/\/www.palazzolarocca.it\/fr\/modica-fr\/6-eglise-saint-dominique-et-couvent-des-dominicains\/#breadcrumb\"},\"inLanguage\":\"fr-FR\",\"potentialAction\":[{\"@type\":\"ReadAction\",\"target\":[\"https:\/\/www.palazzolarocca.it\/fr\/modica-fr\/6-eglise-saint-dominique-et-couvent-des-dominicains\/\"]}]},{\"@type\":\"BreadcrumbList\",\"@id\":\"https:\/\/www.palazzolarocca.it\/fr\/modica-fr\/6-eglise-saint-dominique-et-couvent-des-dominicains\/#breadcrumb\",\"itemListElement\":[{\"@type\":\"ListItem\",\"position\":1,\"name\":\"Home\",\"item\":\"https:\/\/www.palazzolarocca.it\/fr\/home\/\"},{\"@type\":\"ListItem\",\"position\":2,\"name\":\"6. \u00c9glise Saint-Dominique et couvent des P\u00e8res dominicains\"}]},{\"@type\":\"WebSite\",\"@id\":\"https:\/\/www.palazzolarocca.it\/fr\/#website\",\"url\":\"https:\/\/www.palazzolarocca.it\/fr\/\",\"name\":\"PALAZZO LA ROCCA\",\"description\":\"Le citt\u00e0 tardo barocche Iblee del Patrimonio Unesco\",\"publisher\":{\"@id\":\"https:\/\/www.palazzolarocca.it\/fr\/#organization\"},\"potentialAction\":[{\"@type\":\"SearchAction\",\"target\":{\"@type\":\"EntryPoint\",\"urlTemplate\":\"https:\/\/www.palazzolarocca.it\/fr\/?s={search_term_string}\"},\"query-input\":\"required name=search_term_string\"}],\"inLanguage\":\"fr-FR\"},{\"@type\":\"Organization\",\"@id\":\"https:\/\/www.palazzolarocca.it\/fr\/#organization\",\"name\":\"PALAZZO LA ROCCA\",\"url\":\"https:\/\/www.palazzolarocca.it\/fr\/\",\"logo\":{\"@type\":\"ImageObject\",\"inLanguage\":\"fr-FR\",\"@id\":\"https:\/\/www.palazzolarocca.it\/fr\/#\/schema\/logo\/image\/\",\"url\":\"https:\/\/www.palazzolarocca.it\/wp-content\/uploads\/2023\/10\/cropped-logo_istituzionale_ridotto-2.png\",\"contentUrl\":\"https:\/\/www.palazzolarocca.it\/wp-content\/uploads\/2023\/10\/cropped-logo_istituzionale_ridotto-2.png\",\"width\":80,\"height\":13,\"caption\":\"PALAZZO LA ROCCA\"},\"image\":{\"@id\":\"https:\/\/www.palazzolarocca.it\/fr\/#\/schema\/logo\/image\/\"}},{\"@type\":\"Person\",\"@id\":\"https:\/\/www.palazzolarocca.it\/fr\/#\/schema\/person\/dff5a495cfcd70a3030ce07696fdde3c\",\"name\":\"alice@ragusa\",\"image\":{\"@type\":\"ImageObject\",\"inLanguage\":\"fr-FR\",\"@id\":\"https:\/\/www.palazzolarocca.it\/fr\/#\/schema\/person\/image\/\",\"url\":\"https:\/\/secure.gravatar.com\/avatar\/e028d0a7047c124226f821c8db549a6ead11000b824cf033b9e609551a65577a?s=96&d=mm&r=g\",\"contentUrl\":\"https:\/\/secure.gravatar.com\/avatar\/e028d0a7047c124226f821c8db549a6ead11000b824cf033b9e609551a65577a?s=96&d=mm&r=g\",\"caption\":\"alice@ragusa\"},\"url\":\"https:\/\/www.palazzolarocca.it\/fr\/author\/aliceragusa\/\"}]}<\/script>\n<!-- \/ Yoast SEO plugin. -->","yoast_head_json":{"title":"6. \u00c9glise Saint-Dominique et couvent des P\u00e8res dominicains - PALAZZO LA ROCCA","robots":{"index":"index","follow":"follow","max-snippet":"max-snippet:-1","max-image-preview":"max-image-preview:large","max-video-preview":"max-video-preview:-1"},"canonical":"https:\/\/www.palazzolarocca.it\/fr\/modica-fr\/6-eglise-saint-dominique-et-couvent-des-dominicains\/","og_locale":"fr_FR","og_type":"article","og_title":"6. \u00c9glise Saint-Dominique et couvent des P\u00e8res dominicains - PALAZZO LA ROCCA","og_description":"L'\u00e9glise et le couvent Saint-Dominique furent construits en 1461 par les Fr\u00e8res pr\u00eacheurs dominicains, dont l'ordre avait \u00e9t\u00e9 fond\u00e9 au d\u00e9but du","og_url":"https:\/\/www.palazzolarocca.it\/fr\/modica-fr\/6-eglise-saint-dominique-et-couvent-des-dominicains\/","og_site_name":"PALAZZO LA ROCCA","article_published_time":"2023-10-16T09:42:09+00:00","article_modified_time":"2024-07-26T09:25:23+00:00","og_image":[{"width":2560,"height":1709,"url":"https:\/\/www.palazzolarocca.it\/wp-content\/uploads\/2023\/09\/san-domenico--scaled.jpeg","type":"image\/jpeg"}],"author":"alice@ragusa","twitter_card":"summary_large_image","twitter_misc":{"\u00c9crit par":"alice@ragusa","Dur\u00e9e de lecture estim\u00e9e":"3 minutes"},"schema":{"@context":"https:\/\/schema.org","@graph":[{"@type":"Article","@id":"https:\/\/www.palazzolarocca.it\/fr\/modica-fr\/6-eglise-saint-dominique-et-couvent-des-dominicains\/#article","isPartOf":{"@id":"https:\/\/www.palazzolarocca.it\/fr\/modica-fr\/6-eglise-saint-dominique-et-couvent-des-dominicains\/"},"author":{"name":"alice@ragusa","@id":"https:\/\/www.palazzolarocca.it\/fr\/#\/schema\/person\/dff5a495cfcd70a3030ce07696fdde3c"},"headline":"6. \u00c9glise Saint-Dominique et couvent des P\u00e8res dominicains","datePublished":"2023-10-16T09:42:09+00:00","dateModified":"2024-07-26T09:25:23+00:00","mainEntityOfPage":{"@id":"https:\/\/www.palazzolarocca.it\/fr\/modica-fr\/6-eglise-saint-dominique-et-couvent-des-dominicains\/"},"wordCount":340,"commentCount":0,"publisher":{"@id":"https:\/\/www.palazzolarocca.it\/fr\/#organization"},"articleSection":["Modica"],"inLanguage":"fr-FR","potentialAction":[{"@type":"CommentAction","name":"Comment","target":["https:\/\/www.palazzolarocca.it\/fr\/modica-fr\/6-eglise-saint-dominique-et-couvent-des-dominicains\/#respond"]}]},{"@type":"WebPage","@id":"https:\/\/www.palazzolarocca.it\/fr\/modica-fr\/6-eglise-saint-dominique-et-couvent-des-dominicains\/","url":"https:\/\/www.palazzolarocca.it\/fr\/modica-fr\/6-eglise-saint-dominique-et-couvent-des-dominicains\/","name":"6. \u00c9glise Saint-Dominique et couvent des P\u00e8res dominicains - PALAZZO LA ROCCA","isPartOf":{"@id":"https:\/\/www.palazzolarocca.it\/fr\/#website"},"datePublished":"2023-10-16T09:42:09+00:00","dateModified":"2024-07-26T09:25:23+00:00","breadcrumb":{"@id":"https:\/\/www.palazzolarocca.it\/fr\/modica-fr\/6-eglise-saint-dominique-et-couvent-des-dominicains\/#breadcrumb"},"inLanguage":"fr-FR","potentialAction":[{"@type":"ReadAction","target":["https:\/\/www.palazzolarocca.it\/fr\/modica-fr\/6-eglise-saint-dominique-et-couvent-des-dominicains\/"]}]},{"@type":"BreadcrumbList","@id":"https:\/\/www.palazzolarocca.it\/fr\/modica-fr\/6-eglise-saint-dominique-et-couvent-des-dominicains\/#breadcrumb","itemListElement":[{"@type":"ListItem","position":1,"name":"Home","item":"https:\/\/www.palazzolarocca.it\/fr\/home\/"},{"@type":"ListItem","position":2,"name":"6. \u00c9glise Saint-Dominique et couvent des P\u00e8res dominicains"}]},{"@type":"WebSite","@id":"https:\/\/www.palazzolarocca.it\/fr\/#website","url":"https:\/\/www.palazzolarocca.it\/fr\/","name":"PALAZZO LA ROCCA","description":"Le citt\u00e0 tardo barocche Iblee del Patrimonio Unesco","publisher":{"@id":"https:\/\/www.palazzolarocca.it\/fr\/#organization"},"potentialAction":[{"@type":"SearchAction","target":{"@type":"EntryPoint","urlTemplate":"https:\/\/www.palazzolarocca.it\/fr\/?s={search_term_string}"},"query-input":"required name=search_term_string"}],"inLanguage":"fr-FR"},{"@type":"Organization","@id":"https:\/\/www.palazzolarocca.it\/fr\/#organization","name":"PALAZZO LA ROCCA","url":"https:\/\/www.palazzolarocca.it\/fr\/","logo":{"@type":"ImageObject","inLanguage":"fr-FR","@id":"https:\/\/www.palazzolarocca.it\/fr\/#\/schema\/logo\/image\/","url":"https:\/\/www.palazzolarocca.it\/wp-content\/uploads\/2023\/10\/cropped-logo_istituzionale_ridotto-2.png","contentUrl":"https:\/\/www.palazzolarocca.it\/wp-content\/uploads\/2023\/10\/cropped-logo_istituzionale_ridotto-2.png","width":80,"height":13,"caption":"PALAZZO LA ROCCA"},"image":{"@id":"https:\/\/www.palazzolarocca.it\/fr\/#\/schema\/logo\/image\/"}},{"@type":"Person","@id":"https:\/\/www.palazzolarocca.it\/fr\/#\/schema\/person\/dff5a495cfcd70a3030ce07696fdde3c","name":"alice@ragusa","image":{"@type":"ImageObject","inLanguage":"fr-FR","@id":"https:\/\/www.palazzolarocca.it\/fr\/#\/schema\/person\/image\/","url":"https:\/\/secure.gravatar.com\/avatar\/e028d0a7047c124226f821c8db549a6ead11000b824cf033b9e609551a65577a?s=96&d=mm&r=g","contentUrl":"https:\/\/secure.gravatar.com\/avatar\/e028d0a7047c124226f821c8db549a6ead11000b824cf033b9e609551a65577a?s=96&d=mm&r=g","caption":"alice@ragusa"},"url":"https:\/\/www.palazzolarocca.it\/fr\/author\/aliceragusa\/"}]}},"_links":{"self":[{"href":"https:\/\/www.palazzolarocca.it\/fr\/wp-json\/wp\/v2\/posts\/5773","targetHints":{"allow":["GET"]}}],"collection":[{"href":"https:\/\/www.palazzolarocca.it\/fr\/wp-json\/wp\/v2\/posts"}],"about":[{"href":"https:\/\/www.palazzolarocca.it\/fr\/wp-json\/wp\/v2\/types\/post"}],"author":[{"embeddable":true,"href":"https:\/\/www.palazzolarocca.it\/fr\/wp-json\/wp\/v2\/users\/3"}],"replies":[{"embeddable":true,"href":"https:\/\/www.palazzolarocca.it\/fr\/wp-json\/wp\/v2\/comments?post=5773"}],"version-history":[{"count":17,"href":"https:\/\/www.palazzolarocca.it\/fr\/wp-json\/wp\/v2\/posts\/5773\/revisions"}],"predecessor-version":[{"id":9351,"href":"https:\/\/www.palazzolarocca.it\/fr\/wp-json\/wp\/v2\/posts\/5773\/revisions\/9351"}],"wp:featuredmedia":[{"embeddable":true,"href":"https:\/\/www.palazzolarocca.it\/fr\/wp-json\/wp\/v2\/media\/2097"}],"wp:attachment":[{"href":"https:\/\/www.palazzolarocca.it\/fr\/wp-json\/wp\/v2\/media?parent=5773"}],"wp:term":[{"taxonomy":"category","embeddable":true,"href":"https:\/\/www.palazzolarocca.it\/fr\/wp-json\/wp\/v2\/categories?post=5773"},{"taxonomy":"post_tag","embeddable":true,"href":"https:\/\/www.palazzolarocca.it\/fr\/wp-json\/wp\/v2\/tags?post=5773"}],"curies":[{"name":"wp","href":"https:\/\/api.w.org\/{rel}","templated":true}]}}