{"id":5801,"date":"2023-10-16T12:05:00","date_gmt":"2023-10-16T10:05:00","guid":{"rendered":"https:\/\/www.palazzolarocca.it\/non-classifiee\/8-palais-polara\/"},"modified":"2024-07-10T16:06:57","modified_gmt":"2024-07-10T14:06:57","slug":"8-palais-polara","status":"publish","type":"post","link":"https:\/\/www.palazzolarocca.it\/fr\/modica-fr\/8-palais-polara\/","title":{"rendered":"8. Palais Polara"},"content":{"rendered":"\t\t<div data-elementor-type=\"wp-post\" data-elementor-id=\"5801\" class=\"elementor elementor-5801 elementor-1511\">\n\t\t\t\t\t\t\t<div class=\"elementor-element elementor-element-1ece6d92 e-flex e-con-boxed e-con\" data-id=\"1ece6d92\" data-element_type=\"container\" data-settings=\"{&quot;content_width&quot;:&quot;boxed&quot;}\">\n\t\t\t\t\t<div class=\"e-con-inner\">\n\t\t\t\t<div class=\"elementor-element elementor-element-75e42866 elementor-widget elementor-widget-heading\" data-id=\"75e42866\" data-element_type=\"widget\" data-widget_type=\"heading.default\">\n\t\t\t\t<div class=\"elementor-widget-container\">\n\t\t\t<style>\/*! elementor - v3.15.0 - 02-08-2023 *\/\n.elementor-heading-title{padding:0;margin:0;line-height:1}.elementor-widget-heading .elementor-heading-title[class*=elementor-size-]>a{color:inherit;font-size:inherit;line-height:inherit}.elementor-widget-heading .elementor-heading-title.elementor-size-small{font-size:15px}.elementor-widget-heading .elementor-heading-title.elementor-size-medium{font-size:19px}.elementor-widget-heading .elementor-heading-title.elementor-size-large{font-size:29px}.elementor-widget-heading .elementor-heading-title.elementor-size-xl{font-size:39px}.elementor-widget-heading .elementor-heading-title.elementor-size-xxl{font-size:59px}<\/style><h1 class=\"elementor-heading-title elementor-size-default\">8. Palais Polara <\/h1>\t\t<\/div>\n\t\t\t\t<\/div>\n\t\t\t\t<div class=\"elementor-element elementor-element-2c1bce3 elementor-widget elementor-widget-text-editor\" data-id=\"2c1bce3\" data-element_type=\"widget\" data-widget_type=\"text-editor.default\">\n\t\t\t\t<div class=\"elementor-widget-container\">\n\t\t\t<style>\/*! elementor - v3.15.0 - 02-08-2023 *\/\n.elementor-widget-text-editor.elementor-drop-cap-view-stacked .elementor-drop-cap{background-color:#69727d;color:#fff}.elementor-widget-text-editor.elementor-drop-cap-view-framed .elementor-drop-cap{color:#69727d;border:3px solid;background-color:transparent}.elementor-widget-text-editor:not(.elementor-drop-cap-view-default) .elementor-drop-cap{margin-top:8px}.elementor-widget-text-editor:not(.elementor-drop-cap-view-default) .elementor-drop-cap-letter{width:1em;height:1em}.elementor-widget-text-editor .elementor-drop-cap{float:left;text-align:center;line-height:1;font-size:50px}.elementor-widget-text-editor .elementor-drop-cap-letter{display:inline-block}<\/style>\t\t\t\t<p>Via Polara, n\u00b091 &#8211; 97015 Modica, RG<\/p>\n\t\t\t\t\t\t<\/div>\n\t\t\t\t<\/div>\n\t\t\t\t<div class=\"elementor-element elementor-element-650bde22 elementor-widget elementor-widget-image\" data-id=\"650bde22\" data-element_type=\"widget\" data-widget_type=\"image.default\">\n\t\t\t\t<div class=\"elementor-widget-container\">\n\t\t\t<style>\/*! elementor - v3.15.0 - 02-08-2023 *\/\n.elementor-widget-image{text-align:center}.elementor-widget-image a{display:inline-block}.elementor-widget-image a img[src$=\".svg\"]{width:48px}.elementor-widget-image img{vertical-align:middle;display:inline-block}<\/style>\t\t\t\t\t\t\t\t\t\t\t\t<img decoding=\"async\" src=\"https:\/\/www.palazzolarocca.it\/wp-content\/uploads\/elementor\/thumbs\/Modica-Palazzo-Polara-7_foto_a-qjvxjytzekkgcgb5mbmxfj4iya9sv62gh4ys5v0mls.jpg\" title=\"Modica Palazzo Polara-7_foto_a\" alt=\"Il palazzo con a fianco il Duomo di San Giorgio a Modica\" loading=\"lazy\" \/>\t\t\t\t\t\t\t\t\t\t\t\t\t\t\t<\/div>\n\t\t\t\t<\/div>\n\t\t\t\t\t<\/div>\n\t\t\t\t<\/div>\n\t\t<div class=\"elementor-element elementor-element-7f9b04ea e-flex e-con-boxed e-con\" data-id=\"7f9b04ea\" data-element_type=\"container\" data-settings=\"{&quot;content_width&quot;:&quot;boxed&quot;}\">\n\t\t\t\t\t<div class=\"e-con-inner\">\n\t\t\t\t<div class=\"elementor-element elementor-element-c72f16e elementor-widget elementor-widget-text-editor\" data-id=\"c72f16e\" data-element_type=\"widget\" data-widget_type=\"text-editor.default\">\n\t\t\t\t<div class=\"elementor-widget-container\">\n\t\t\t\t\t\t\t<p>Fig. a<\/p>\n\t\t\t\t\t\t<\/div>\n\t\t\t\t<\/div>\n\t\t\t\t<div class=\"elementor-element elementor-element-e8940dd elementor-widget elementor-widget-text-editor\" data-id=\"e8940dd\" data-element_type=\"widget\" data-widget_type=\"text-editor.default\">\n\t\t\t\t<div class=\"elementor-widget-container\">\n\t\t\t\t\t\t\t<p>Situ\u00e9 \u00e0 c\u00f4t\u00e9 du D\u00f4me Saint-Georges, le palais Polara a \u00e9t\u00e9 construit dans le style du baroque tardif (Fig. a). On acc\u00e8de au portail depuis une terrasse desservie par un grand escalier (Fig. b). . Le palais est b\u00e2ti sur deux niveaux et d\u00e9fini sur le haut par un mur d&rsquo;attique portant des sculptures et les armoiries de la famille (Fig. c). Le portail est plac\u00e9 dans le registre central et caract\u00e9ris\u00e9 par deux pilastres \u00e0 bossage d\u00e9limit\u00e9s par une corniche, au-dessus de laquelle s&rsquo;inscrivent les consoles qui soutiennent le balcon de forme curviligne.<br \/>Les deux autres registres pr\u00e9sentent deux fen\u00eatres au rez-de-chauss\u00e9e et deux balcons \u00e0 l&rsquo;\u00e9tage sup\u00e9rieur. Deux grands pilastres \u00e0 bossage d\u00e9limitent la fa\u00e7ade sur les c\u00f4t\u00e9s. <br \/>Le palais conserve encore son mobilier d&rsquo;origine (Fig. d, d et e) ainsi que les fresques des plafonds (Fig. f).<br \/>Des souterrains ont \u00e9t\u00e9 d\u00e9couverts \u00e0 l&rsquo;int\u00e9rieur, ainsi qu&rsquo;un trousseau fun\u00e9raire remontant \u00e0 une p\u00e9riode comprise entre le Ier et le IIe s. ap. J.-C., aujourd&rsquo;hui conserv\u00e9 au mus\u00e9e de Modica.<br \/>Le palais appartient aujourd&rsquo;hui \u00e0 la commune suite au legs du dernier h\u00e9ritier.<\/p>\n\t\t\t\t\t\t<\/div>\n\t\t\t\t<\/div>\n\t\t\t\t\t<\/div>\n\t\t\t\t<\/div>\n\t\t<div class=\"elementor-element elementor-element-e2e709 e-flex e-con-boxed elementor-invisible e-con\" data-id=\"e2e709\" data-element_type=\"container\" data-settings=\"{&quot;background_background&quot;:&quot;classic&quot;,&quot;animation&quot;:&quot;fadeIn&quot;,&quot;content_width&quot;:&quot;boxed&quot;}\">\n\t\t\t\t\t<div class=\"e-con-inner\">\n\t\t<div class=\"elementor-element elementor-element-2caa1561 e-flex e-con-boxed e-con\" data-id=\"2caa1561\" data-element_type=\"container\" data-settings=\"{&quot;background_background&quot;:&quot;classic&quot;,&quot;animation&quot;:&quot;none&quot;,&quot;content_width&quot;:&quot;boxed&quot;}\">\n\t\t\t\t\t<div class=\"e-con-inner\">\n\t\t\t\t<div class=\"elementor-element elementor-element-71d5f8cf elementor-widget elementor-widget-heading\" data-id=\"71d5f8cf\" data-element_type=\"widget\" data-widget_type=\"heading.default\">\n\t\t\t\t<div class=\"elementor-widget-container\">\n\t\t\t<h3 class=\"elementor-heading-title elementor-size-default\">Galerie de photos<\/h3>\t\t<\/div>\n\t\t\t\t<\/div>\n\t\t\t\t<div class=\"elementor-element elementor-element-6cf9c3e8 gallery-spacing-custom elementor-widget elementor-widget-image-gallery\" data-id=\"6cf9c3e8\" data-element_type=\"widget\" data-widget_type=\"image-gallery.default\">\n\t\t\t\t<div class=\"elementor-widget-container\">\n\t\t\t<style>\/*! elementor - v3.15.0 - 02-08-2023 *\/\n.elementor-image-gallery .gallery-item{display:inline-block;text-align:center;vertical-align:top;width:100%;max-width:100%;margin:0 auto}.elementor-image-gallery .gallery-item img{margin:0 auto}.elementor-image-gallery .gallery-item .gallery-caption{margin:0}.elementor-image-gallery figure img{display:block}.elementor-image-gallery figure figcaption{width:100%}.gallery-spacing-custom .elementor-image-gallery .gallery-icon{padding:0}@media (min-width:768px){.elementor-image-gallery .gallery-columns-2 .gallery-item{max-width:50%}.elementor-image-gallery .gallery-columns-3 .gallery-item{max-width:33.33%}.elementor-image-gallery .gallery-columns-4 .gallery-item{max-width:25%}.elementor-image-gallery .gallery-columns-5 .gallery-item{max-width:20%}.elementor-image-gallery .gallery-columns-6 .gallery-item{max-width:16.666%}.elementor-image-gallery .gallery-columns-7 .gallery-item{max-width:14.28%}.elementor-image-gallery .gallery-columns-8 .gallery-item{max-width:12.5%}.elementor-image-gallery .gallery-columns-9 .gallery-item{max-width:11.11%}.elementor-image-gallery .gallery-columns-10 .gallery-item{max-width:10%}}@media (min-width:480px) and (max-width:767px){.elementor-image-gallery .gallery.gallery-columns-2 .gallery-item,.elementor-image-gallery .gallery.gallery-columns-3 .gallery-item,.elementor-image-gallery .gallery.gallery-columns-4 .gallery-item,.elementor-image-gallery .gallery.gallery-columns-5 .gallery-item,.elementor-image-gallery .gallery.gallery-columns-6 .gallery-item,.elementor-image-gallery .gallery.gallery-columns-7 .gallery-item,.elementor-image-gallery .gallery.gallery-columns-8 .gallery-item,.elementor-image-gallery .gallery.gallery-columns-9 .gallery-item,.elementor-image-gallery .gallery.gallery-columns-10 .gallery-item{max-width:50%}}@media (max-width:479px){.elementor-image-gallery .gallery.gallery-columns-2 .gallery-item,.elementor-image-gallery .gallery.gallery-columns-3 .gallery-item,.elementor-image-gallery .gallery.gallery-columns-4 .gallery-item,.elementor-image-gallery .gallery.gallery-columns-5 .gallery-item,.elementor-image-gallery .gallery.gallery-columns-6 .gallery-item,.elementor-image-gallery .gallery.gallery-columns-7 .gallery-item,.elementor-image-gallery .gallery.gallery-columns-8 .gallery-item,.elementor-image-gallery .gallery.gallery-columns-9 .gallery-item,.elementor-image-gallery .gallery.gallery-columns-10 .gallery-item{max-width:100%}}<\/style>\t\t<div class=\"elementor-image-gallery\">\n\t\t\t\n\t\t<style type=\"text\/css\">\n\t\t\t#gallery-1 {\n\t\t\t\tmargin: auto;\n\t\t\t}\n\t\t\t#gallery-1 .gallery-item {\n\t\t\t\tfloat: left;\n\t\t\t\tmargin-top: 10px;\n\t\t\t\ttext-align: center;\n\t\t\t\twidth: 20%;\n\t\t\t}\n\t\t\t#gallery-1 img {\n\t\t\t\tborder: 2px solid #cfcfcf;\n\t\t\t}\n\t\t\t#gallery-1 .gallery-caption {\n\t\t\t\tmargin-left: 0;\n\t\t\t}\n\t\t\t\/* see gallery_shortcode() in wp-includes\/media.php *\/\n\t\t<\/style>\n\t\t<div id='gallery-1' class='gallery galleryid-5801 gallery-columns-5 gallery-size-thumbnail'><dl class='gallery-item'>\n\t\t\t<dt class='gallery-icon landscape'>\n\t\t\t\t<a data-elementor-open-lightbox=\"yes\" data-elementor-lightbox-slideshow=\"6cf9c3e8\" data-elementor-lightbox-title=\"Fig. b\" data-e-action-hash=\"#elementor-action%3Aaction%3Dlightbox%26settings%3DeyJpZCI6MjIyNiwidXJsIjoiaHR0cHM6XC9cL3d3dy5wYWxhenpvbGFyb2NjYS5pdFwvd3AtY29udGVudFwvdXBsb2Fkc1wvMjAyM1wvMTBcL01vZGljYS1wYWxhenpvLXBvbGFyYV9SRVZfcmlzdWx0YXRvLmpwZyIsInNsaWRlc2hvdyI6IjZjZjljM2U4In0%3D\" href='https:\/\/www.palazzolarocca.it\/wp-content\/uploads\/2023\/10\/Modica-palazzo-polara_REV_risultato.jpg'><img loading=\"lazy\" decoding=\"async\" width=\"150\" height=\"150\" src=\"https:\/\/www.palazzolarocca.it\/wp-content\/uploads\/2023\/10\/Modica-palazzo-polara_REV_risultato-150x150.jpg\" class=\"attachment-thumbnail size-thumbnail\" alt=\"Fa\u00e7ade du Palais Polara, Modica\" aria-describedby=\"gallery-1-2226\" srcset=\"https:\/\/www.palazzolarocca.it\/wp-content\/uploads\/2023\/10\/Modica-palazzo-polara_REV_risultato-150x150.jpg 150w, https:\/\/www.palazzolarocca.it\/wp-content\/uploads\/2023\/10\/Modica-palazzo-polara_REV_risultato-100x100.jpg 100w, https:\/\/www.palazzolarocca.it\/wp-content\/uploads\/2023\/10\/Modica-palazzo-polara_REV_risultato-1024x1024.jpg 1024w, https:\/\/www.palazzolarocca.it\/wp-content\/uploads\/2023\/10\/Modica-palazzo-polara_REV_risultato-300x300.jpg 300w, https:\/\/www.palazzolarocca.it\/wp-content\/uploads\/2023\/10\/Modica-palazzo-polara_REV_risultato-500x500.jpg 500w\" sizes=\"auto, (max-width: 150px) 100vw, 150px\" \/><\/a>\n\t\t\t<\/dt>\n\t\t\t\t<dd class='wp-caption-text gallery-caption' id='gallery-1-2226'>\n\t\t\t\tFig. b\n\t\t\t\t<\/dd><\/dl><dl class='gallery-item'>\n\t\t\t<dt class='gallery-icon landscape'>\n\t\t\t\t<a data-elementor-open-lightbox=\"yes\" data-elementor-lightbox-slideshow=\"6cf9c3e8\" data-elementor-lightbox-title=\"Fig. c\" data-e-action-hash=\"#elementor-action%3Aaction%3Dlightbox%26settings%3DeyJpZCI6NDkwMSwidXJsIjoiaHR0cHM6XC9cL3d3dy5wYWxhenpvbGFyb2NjYS5pdFwvd3AtY29udGVudFwvdXBsb2Fkc1wvMjAyM1wvMTBcLzMtMS0xLmpwZyIsInNsaWRlc2hvdyI6IjZjZjljM2U4In0%3D\" href='https:\/\/www.palazzolarocca.it\/wp-content\/uploads\/2023\/10\/3-1-1.jpg'><img loading=\"lazy\" decoding=\"async\" width=\"150\" height=\"150\" src=\"https:\/\/www.palazzolarocca.it\/wp-content\/uploads\/2023\/10\/3-1-1-150x150.jpg\" class=\"attachment-thumbnail size-thumbnail\" alt=\"Modica, Palazzo Polara\" aria-describedby=\"gallery-1-4901\" srcset=\"https:\/\/www.palazzolarocca.it\/wp-content\/uploads\/2023\/10\/3-1-1-150x150.jpg 150w, https:\/\/www.palazzolarocca.it\/wp-content\/uploads\/2023\/10\/3-1-1-100x100.jpg 100w, https:\/\/www.palazzolarocca.it\/wp-content\/uploads\/2023\/10\/3-1-1-1024x1024.jpg 1024w, https:\/\/www.palazzolarocca.it\/wp-content\/uploads\/2023\/10\/3-1-1-300x300.jpg 300w, https:\/\/www.palazzolarocca.it\/wp-content\/uploads\/2023\/10\/3-1-1-500x500.jpg 500w\" sizes=\"auto, (max-width: 150px) 100vw, 150px\" \/><\/a>\n\t\t\t<\/dt>\n\t\t\t\t<dd class='wp-caption-text gallery-caption' id='gallery-1-4901'>\n\t\t\t\tFig. c\n\t\t\t\t<\/dd><\/dl><dl class='gallery-item'>\n\t\t\t<dt class='gallery-icon landscape'>\n\t\t\t\t<a data-elementor-open-lightbox=\"yes\" data-elementor-lightbox-slideshow=\"6cf9c3e8\" data-elementor-lightbox-title=\"Fig. d\" data-e-action-hash=\"#elementor-action%3Aaction%3Dlightbox%26settings%3DeyJpZCI6MjIyMiwidXJsIjoiaHR0cHM6XC9cL3d3dy5wYWxhenpvbGFyb2NjYS5pdFwvd3AtY29udGVudFwvdXBsb2Fkc1wvMjAyM1wvMTBcL0ludGVybmlfZGlfUGFsYXp6b19DYXN0cm8tUG9sYXJhX0dyaW1hbGRpXzA3X3Jpc3VsdGF0by5qcGciLCJzbGlkZXNob3ciOiI2Y2Y5YzNlOCJ9\" href='https:\/\/www.palazzolarocca.it\/wp-content\/uploads\/2023\/10\/Interni_di_Palazzo_Castro-Polara_Grimaldi_07_risultato.jpg'><img loading=\"lazy\" decoding=\"async\" width=\"150\" height=\"150\" src=\"https:\/\/www.palazzolarocca.it\/wp-content\/uploads\/2023\/10\/Interni_di_Palazzo_Castro-Polara_Grimaldi_07_risultato-150x150.jpg\" class=\"attachment-thumbnail size-thumbnail\" alt=\"Int\u00e9rieur du Palais Polara, Modica\" aria-describedby=\"gallery-1-2222\" srcset=\"https:\/\/www.palazzolarocca.it\/wp-content\/uploads\/2023\/10\/Interni_di_Palazzo_Castro-Polara_Grimaldi_07_risultato-150x150.jpg 150w, https:\/\/www.palazzolarocca.it\/wp-content\/uploads\/2023\/10\/Interni_di_Palazzo_Castro-Polara_Grimaldi_07_risultato-100x100.jpg 100w, https:\/\/www.palazzolarocca.it\/wp-content\/uploads\/2023\/10\/Interni_di_Palazzo_Castro-Polara_Grimaldi_07_risultato-1024x1024.jpg 1024w, https:\/\/www.palazzolarocca.it\/wp-content\/uploads\/2023\/10\/Interni_di_Palazzo_Castro-Polara_Grimaldi_07_risultato-300x300.jpg 300w, https:\/\/www.palazzolarocca.it\/wp-content\/uploads\/2023\/10\/Interni_di_Palazzo_Castro-Polara_Grimaldi_07_risultato-500x500.jpg 500w\" sizes=\"auto, (max-width: 150px) 100vw, 150px\" \/><\/a>\n\t\t\t<\/dt>\n\t\t\t\t<dd class='wp-caption-text gallery-caption' id='gallery-1-2222'>\n\t\t\t\tFig. d\n\t\t\t\t<\/dd><\/dl><dl class='gallery-item'>\n\t\t\t<dt class='gallery-icon landscape'>\n\t\t\t\t<a data-elementor-open-lightbox=\"yes\" data-elementor-lightbox-slideshow=\"6cf9c3e8\" data-elementor-lightbox-title=\"Fig. e\" data-e-action-hash=\"#elementor-action%3Aaction%3Dlightbox%26settings%3DeyJpZCI6NDkwNCwidXJsIjoiaHR0cHM6XC9cL3d3dy5wYWxhenpvbGFyb2NjYS5pdFwvd3AtY29udGVudFwvdXBsb2Fkc1wvMjAyM1wvMTBcL1BhbGF6em8tUG9sYXJhLTYuanBnIiwic2xpZGVzaG93IjoiNmNmOWMzZTgifQ%3D%3D\" href='https:\/\/www.palazzolarocca.it\/wp-content\/uploads\/2023\/10\/Palazzo-Polara-6.jpg'><img loading=\"lazy\" decoding=\"async\" width=\"150\" height=\"150\" src=\"https:\/\/www.palazzolarocca.it\/wp-content\/uploads\/2023\/10\/Palazzo-Polara-6-150x150.jpg\" class=\"attachment-thumbnail size-thumbnail\" alt=\"Modica, Palazzo Polara\" aria-describedby=\"gallery-1-4904\" srcset=\"https:\/\/www.palazzolarocca.it\/wp-content\/uploads\/2023\/10\/Palazzo-Polara-6-150x150.jpg 150w, https:\/\/www.palazzolarocca.it\/wp-content\/uploads\/2023\/10\/Palazzo-Polara-6-100x100.jpg 100w, https:\/\/www.palazzolarocca.it\/wp-content\/uploads\/2023\/10\/Palazzo-Polara-6-1024x1024.jpg 1024w, https:\/\/www.palazzolarocca.it\/wp-content\/uploads\/2023\/10\/Palazzo-Polara-6-300x300.jpg 300w, https:\/\/www.palazzolarocca.it\/wp-content\/uploads\/2023\/10\/Palazzo-Polara-6-500x500.jpg 500w\" sizes=\"auto, (max-width: 150px) 100vw, 150px\" \/><\/a>\n\t\t\t<\/dt>\n\t\t\t\t<dd class='wp-caption-text gallery-caption' id='gallery-1-4904'>\n\t\t\t\tFig. e\n\t\t\t\t<\/dd><\/dl><dl class='gallery-item'>\n\t\t\t<dt class='gallery-icon landscape'>\n\t\t\t\t<a data-elementor-open-lightbox=\"yes\" data-elementor-lightbox-slideshow=\"6cf9c3e8\" data-elementor-lightbox-title=\"Fig. f\" data-e-action-hash=\"#elementor-action%3Aaction%3Dlightbox%26settings%3DeyJpZCI6NzczOCwidXJsIjoiaHR0cHM6XC9cL3d3dy5wYWxhenpvbGFyb2NjYS5pdFwvd3AtY29udGVudFwvdXBsb2Fkc1wvMjAyM1wvMTBcL1BhbGF6em8tUG9sYXJhLTMuanBnIiwic2xpZGVzaG93IjoiNmNmOWMzZTgifQ%3D%3D\" href='https:\/\/www.palazzolarocca.it\/wp-content\/uploads\/2023\/10\/Palazzo-Polara-3.jpg'><img loading=\"lazy\" decoding=\"async\" width=\"150\" height=\"150\" src=\"https:\/\/www.palazzolarocca.it\/wp-content\/uploads\/2023\/10\/Palazzo-Polara-3-150x150.jpg\" class=\"attachment-thumbnail size-thumbnail\" alt=\"Soffitto dipinto\" aria-describedby=\"gallery-1-7738\" srcset=\"https:\/\/www.palazzolarocca.it\/wp-content\/uploads\/2023\/10\/Palazzo-Polara-3-150x150.jpg 150w, https:\/\/www.palazzolarocca.it\/wp-content\/uploads\/2023\/10\/Palazzo-Polara-3-100x100.jpg 100w, https:\/\/www.palazzolarocca.it\/wp-content\/uploads\/2023\/10\/Palazzo-Polara-3-1024x1024.jpg 1024w, https:\/\/www.palazzolarocca.it\/wp-content\/uploads\/2023\/10\/Palazzo-Polara-3-300x300.jpg 300w, https:\/\/www.palazzolarocca.it\/wp-content\/uploads\/2023\/10\/Palazzo-Polara-3-500x500.jpg 500w\" sizes=\"auto, (max-width: 150px) 100vw, 150px\" \/><\/a>\n\t\t\t<\/dt>\n\t\t\t\t<dd class='wp-caption-text gallery-caption' id='gallery-1-7738'>\n\t\t\t\tFig. f\n\t\t\t\t<\/dd><\/dl><br style=\"clear: both\" \/>\n\t\t<\/div>\n\t\t<\/div>\n\t\t\t\t<\/div>\n\t\t\t\t<\/div>\n\t\t\t\t\t<\/div>\n\t\t\t\t<\/div>\n\t\t\t\t\t<\/div>\n\t\t\t\t<\/div>\n\t\t\t\t\t\t\t<\/div>\n\t\t","protected":false},"excerpt":{"rendered":"<p>Situ\u00e9 \u00e0 c\u00f4t\u00e9 du D\u00f4me Saint-Georges, le palais Polara a \u00e9t\u00e9 construit dans le style du baroque tardif<\/p>\n","protected":false},"author":3,"featured_media":2218,"comment_status":"closed","ping_status":"closed","sticky":false,"template":"elementor_header_footer","format":"standard","meta":{"footnotes":""},"categories":[39],"tags":[],"class_list":["post-5801","post","type-post","status-publish","format-standard","has-post-thumbnail","hentry","category-modica-fr"],"yoast_head":"<!-- This site is optimized with the Yoast SEO plugin v21.5 - https:\/\/yoast.com\/wordpress\/plugins\/seo\/ -->\n<title>8. Palais Polara - PALAZZO LA ROCCA<\/title>\n<meta name=\"robots\" content=\"index, follow, max-snippet:-1, max-image-preview:large, max-video-preview:-1\" \/>\n<link rel=\"canonical\" href=\"https:\/\/www.palazzolarocca.it\/fr\/modica-fr\/8-palais-polara\/\" \/>\n<meta property=\"og:locale\" content=\"fr_FR\" \/>\n<meta property=\"og:type\" content=\"article\" \/>\n<meta property=\"og:title\" content=\"8. Palais Polara - PALAZZO LA ROCCA\" \/>\n<meta property=\"og:description\" content=\"Situ\u00e9 \u00e0 c\u00f4t\u00e9 du D\u00f4me Saint-Georges, le palais Polara a \u00e9t\u00e9 construit dans le style du baroque tardif\" \/>\n<meta property=\"og:url\" content=\"https:\/\/www.palazzolarocca.it\/fr\/modica-fr\/8-palais-polara\/\" \/>\n<meta property=\"og:site_name\" content=\"PALAZZO LA ROCCA\" \/>\n<meta property=\"article:published_time\" content=\"2023-10-16T10:05:00+00:00\" \/>\n<meta property=\"article:modified_time\" content=\"2024-07-10T14:06:57+00:00\" \/>\n<meta property=\"og:image\" content=\"https:\/\/www.palazzolarocca.it\/wp-content\/uploads\/2023\/10\/AdobeStock_40230830_REV_risultato.jpg\" \/>\n\t<meta property=\"og:image:width\" content=\"1620\" \/>\n\t<meta property=\"og:image:height\" content=\"1080\" \/>\n\t<meta property=\"og:image:type\" content=\"image\/jpeg\" \/>\n<meta name=\"author\" content=\"alice@ragusa\" \/>\n<meta name=\"twitter:card\" content=\"summary_large_image\" \/>\n<meta name=\"twitter:label1\" content=\"\u00c9crit par\" \/>\n\t<meta name=\"twitter:data1\" content=\"alice@ragusa\" \/>\n\t<meta name=\"twitter:label2\" content=\"Dur\u00e9e de lecture estim\u00e9e\" \/>\n\t<meta name=\"twitter:data2\" content=\"3 minutes\" \/>\n<script type=\"application\/ld+json\" class=\"yoast-schema-graph\">{\"@context\":\"https:\/\/schema.org\",\"@graph\":[{\"@type\":\"Article\",\"@id\":\"https:\/\/www.palazzolarocca.it\/fr\/modica-fr\/8-palais-polara\/#article\",\"isPartOf\":{\"@id\":\"https:\/\/www.palazzolarocca.it\/fr\/modica-fr\/8-palais-polara\/\"},\"author\":{\"name\":\"alice@ragusa\",\"@id\":\"https:\/\/www.palazzolarocca.it\/fr\/#\/schema\/person\/dff5a495cfcd70a3030ce07696fdde3c\"},\"headline\":\"8. Palais Polara\",\"datePublished\":\"2023-10-16T10:05:00+00:00\",\"dateModified\":\"2024-07-10T14:06:57+00:00\",\"mainEntityOfPage\":{\"@id\":\"https:\/\/www.palazzolarocca.it\/fr\/modica-fr\/8-palais-polara\/\"},\"wordCount\":225,\"publisher\":{\"@id\":\"https:\/\/www.palazzolarocca.it\/fr\/#organization\"},\"articleSection\":[\"Modica\"],\"inLanguage\":\"fr-FR\"},{\"@type\":\"WebPage\",\"@id\":\"https:\/\/www.palazzolarocca.it\/fr\/modica-fr\/8-palais-polara\/\",\"url\":\"https:\/\/www.palazzolarocca.it\/fr\/modica-fr\/8-palais-polara\/\",\"name\":\"8. Palais Polara - PALAZZO LA ROCCA\",\"isPartOf\":{\"@id\":\"https:\/\/www.palazzolarocca.it\/fr\/#website\"},\"datePublished\":\"2023-10-16T10:05:00+00:00\",\"dateModified\":\"2024-07-10T14:06:57+00:00\",\"breadcrumb\":{\"@id\":\"https:\/\/www.palazzolarocca.it\/fr\/modica-fr\/8-palais-polara\/#breadcrumb\"},\"inLanguage\":\"fr-FR\",\"potentialAction\":[{\"@type\":\"ReadAction\",\"target\":[\"https:\/\/www.palazzolarocca.it\/fr\/modica-fr\/8-palais-polara\/\"]}]},{\"@type\":\"BreadcrumbList\",\"@id\":\"https:\/\/www.palazzolarocca.it\/fr\/modica-fr\/8-palais-polara\/#breadcrumb\",\"itemListElement\":[{\"@type\":\"ListItem\",\"position\":1,\"name\":\"Home\",\"item\":\"https:\/\/www.palazzolarocca.it\/fr\/home\/\"},{\"@type\":\"ListItem\",\"position\":2,\"name\":\"8. Palais Polara\"}]},{\"@type\":\"WebSite\",\"@id\":\"https:\/\/www.palazzolarocca.it\/fr\/#website\",\"url\":\"https:\/\/www.palazzolarocca.it\/fr\/\",\"name\":\"PALAZZO LA ROCCA\",\"description\":\"Le citt\u00e0 tardo barocche Iblee del Patrimonio Unesco\",\"publisher\":{\"@id\":\"https:\/\/www.palazzolarocca.it\/fr\/#organization\"},\"potentialAction\":[{\"@type\":\"SearchAction\",\"target\":{\"@type\":\"EntryPoint\",\"urlTemplate\":\"https:\/\/www.palazzolarocca.it\/fr\/?s={search_term_string}\"},\"query-input\":\"required name=search_term_string\"}],\"inLanguage\":\"fr-FR\"},{\"@type\":\"Organization\",\"@id\":\"https:\/\/www.palazzolarocca.it\/fr\/#organization\",\"name\":\"PALAZZO LA ROCCA\",\"url\":\"https:\/\/www.palazzolarocca.it\/fr\/\",\"logo\":{\"@type\":\"ImageObject\",\"inLanguage\":\"fr-FR\",\"@id\":\"https:\/\/www.palazzolarocca.it\/fr\/#\/schema\/logo\/image\/\",\"url\":\"https:\/\/www.palazzolarocca.it\/wp-content\/uploads\/2023\/10\/cropped-logo_istituzionale_ridotto-2.png\",\"contentUrl\":\"https:\/\/www.palazzolarocca.it\/wp-content\/uploads\/2023\/10\/cropped-logo_istituzionale_ridotto-2.png\",\"width\":80,\"height\":13,\"caption\":\"PALAZZO LA ROCCA\"},\"image\":{\"@id\":\"https:\/\/www.palazzolarocca.it\/fr\/#\/schema\/logo\/image\/\"}},{\"@type\":\"Person\",\"@id\":\"https:\/\/www.palazzolarocca.it\/fr\/#\/schema\/person\/dff5a495cfcd70a3030ce07696fdde3c\",\"name\":\"alice@ragusa\",\"image\":{\"@type\":\"ImageObject\",\"inLanguage\":\"fr-FR\",\"@id\":\"https:\/\/www.palazzolarocca.it\/fr\/#\/schema\/person\/image\/\",\"url\":\"https:\/\/secure.gravatar.com\/avatar\/e028d0a7047c124226f821c8db549a6ead11000b824cf033b9e609551a65577a?s=96&d=mm&r=g\",\"contentUrl\":\"https:\/\/secure.gravatar.com\/avatar\/e028d0a7047c124226f821c8db549a6ead11000b824cf033b9e609551a65577a?s=96&d=mm&r=g\",\"caption\":\"alice@ragusa\"},\"url\":\"https:\/\/www.palazzolarocca.it\/fr\/author\/aliceragusa\/\"}]}<\/script>\n<!-- \/ Yoast SEO plugin. -->","yoast_head_json":{"title":"8. Palais Polara - PALAZZO LA ROCCA","robots":{"index":"index","follow":"follow","max-snippet":"max-snippet:-1","max-image-preview":"max-image-preview:large","max-video-preview":"max-video-preview:-1"},"canonical":"https:\/\/www.palazzolarocca.it\/fr\/modica-fr\/8-palais-polara\/","og_locale":"fr_FR","og_type":"article","og_title":"8. Palais Polara - PALAZZO LA ROCCA","og_description":"Situ\u00e9 \u00e0 c\u00f4t\u00e9 du D\u00f4me Saint-Georges, le palais Polara a \u00e9t\u00e9 construit dans le style du baroque tardif","og_url":"https:\/\/www.palazzolarocca.it\/fr\/modica-fr\/8-palais-polara\/","og_site_name":"PALAZZO LA ROCCA","article_published_time":"2023-10-16T10:05:00+00:00","article_modified_time":"2024-07-10T14:06:57+00:00","og_image":[{"width":1620,"height":1080,"url":"https:\/\/www.palazzolarocca.it\/wp-content\/uploads\/2023\/10\/AdobeStock_40230830_REV_risultato.jpg","type":"image\/jpeg"}],"author":"alice@ragusa","twitter_card":"summary_large_image","twitter_misc":{"\u00c9crit par":"alice@ragusa","Dur\u00e9e de lecture estim\u00e9e":"3 minutes"},"schema":{"@context":"https:\/\/schema.org","@graph":[{"@type":"Article","@id":"https:\/\/www.palazzolarocca.it\/fr\/modica-fr\/8-palais-polara\/#article","isPartOf":{"@id":"https:\/\/www.palazzolarocca.it\/fr\/modica-fr\/8-palais-polara\/"},"author":{"name":"alice@ragusa","@id":"https:\/\/www.palazzolarocca.it\/fr\/#\/schema\/person\/dff5a495cfcd70a3030ce07696fdde3c"},"headline":"8. Palais Polara","datePublished":"2023-10-16T10:05:00+00:00","dateModified":"2024-07-10T14:06:57+00:00","mainEntityOfPage":{"@id":"https:\/\/www.palazzolarocca.it\/fr\/modica-fr\/8-palais-polara\/"},"wordCount":225,"publisher":{"@id":"https:\/\/www.palazzolarocca.it\/fr\/#organization"},"articleSection":["Modica"],"inLanguage":"fr-FR"},{"@type":"WebPage","@id":"https:\/\/www.palazzolarocca.it\/fr\/modica-fr\/8-palais-polara\/","url":"https:\/\/www.palazzolarocca.it\/fr\/modica-fr\/8-palais-polara\/","name":"8. Palais Polara - PALAZZO LA ROCCA","isPartOf":{"@id":"https:\/\/www.palazzolarocca.it\/fr\/#website"},"datePublished":"2023-10-16T10:05:00+00:00","dateModified":"2024-07-10T14:06:57+00:00","breadcrumb":{"@id":"https:\/\/www.palazzolarocca.it\/fr\/modica-fr\/8-palais-polara\/#breadcrumb"},"inLanguage":"fr-FR","potentialAction":[{"@type":"ReadAction","target":["https:\/\/www.palazzolarocca.it\/fr\/modica-fr\/8-palais-polara\/"]}]},{"@type":"BreadcrumbList","@id":"https:\/\/www.palazzolarocca.it\/fr\/modica-fr\/8-palais-polara\/#breadcrumb","itemListElement":[{"@type":"ListItem","position":1,"name":"Home","item":"https:\/\/www.palazzolarocca.it\/fr\/home\/"},{"@type":"ListItem","position":2,"name":"8. Palais Polara"}]},{"@type":"WebSite","@id":"https:\/\/www.palazzolarocca.it\/fr\/#website","url":"https:\/\/www.palazzolarocca.it\/fr\/","name":"PALAZZO LA ROCCA","description":"Le citt\u00e0 tardo barocche Iblee del Patrimonio Unesco","publisher":{"@id":"https:\/\/www.palazzolarocca.it\/fr\/#organization"},"potentialAction":[{"@type":"SearchAction","target":{"@type":"EntryPoint","urlTemplate":"https:\/\/www.palazzolarocca.it\/fr\/?s={search_term_string}"},"query-input":"required name=search_term_string"}],"inLanguage":"fr-FR"},{"@type":"Organization","@id":"https:\/\/www.palazzolarocca.it\/fr\/#organization","name":"PALAZZO LA ROCCA","url":"https:\/\/www.palazzolarocca.it\/fr\/","logo":{"@type":"ImageObject","inLanguage":"fr-FR","@id":"https:\/\/www.palazzolarocca.it\/fr\/#\/schema\/logo\/image\/","url":"https:\/\/www.palazzolarocca.it\/wp-content\/uploads\/2023\/10\/cropped-logo_istituzionale_ridotto-2.png","contentUrl":"https:\/\/www.palazzolarocca.it\/wp-content\/uploads\/2023\/10\/cropped-logo_istituzionale_ridotto-2.png","width":80,"height":13,"caption":"PALAZZO LA ROCCA"},"image":{"@id":"https:\/\/www.palazzolarocca.it\/fr\/#\/schema\/logo\/image\/"}},{"@type":"Person","@id":"https:\/\/www.palazzolarocca.it\/fr\/#\/schema\/person\/dff5a495cfcd70a3030ce07696fdde3c","name":"alice@ragusa","image":{"@type":"ImageObject","inLanguage":"fr-FR","@id":"https:\/\/www.palazzolarocca.it\/fr\/#\/schema\/person\/image\/","url":"https:\/\/secure.gravatar.com\/avatar\/e028d0a7047c124226f821c8db549a6ead11000b824cf033b9e609551a65577a?s=96&d=mm&r=g","contentUrl":"https:\/\/secure.gravatar.com\/avatar\/e028d0a7047c124226f821c8db549a6ead11000b824cf033b9e609551a65577a?s=96&d=mm&r=g","caption":"alice@ragusa"},"url":"https:\/\/www.palazzolarocca.it\/fr\/author\/aliceragusa\/"}]}},"_links":{"self":[{"href":"https:\/\/www.palazzolarocca.it\/fr\/wp-json\/wp\/v2\/posts\/5801","targetHints":{"allow":["GET"]}}],"collection":[{"href":"https:\/\/www.palazzolarocca.it\/fr\/wp-json\/wp\/v2\/posts"}],"about":[{"href":"https:\/\/www.palazzolarocca.it\/fr\/wp-json\/wp\/v2\/types\/post"}],"author":[{"embeddable":true,"href":"https:\/\/www.palazzolarocca.it\/fr\/wp-json\/wp\/v2\/users\/3"}],"replies":[{"embeddable":true,"href":"https:\/\/www.palazzolarocca.it\/fr\/wp-json\/wp\/v2\/comments?post=5801"}],"version-history":[{"count":12,"href":"https:\/\/www.palazzolarocca.it\/fr\/wp-json\/wp\/v2\/posts\/5801\/revisions"}],"predecessor-version":[{"id":8824,"href":"https:\/\/www.palazzolarocca.it\/fr\/wp-json\/wp\/v2\/posts\/5801\/revisions\/8824"}],"wp:featuredmedia":[{"embeddable":true,"href":"https:\/\/www.palazzolarocca.it\/fr\/wp-json\/wp\/v2\/media\/2218"}],"wp:attachment":[{"href":"https:\/\/www.palazzolarocca.it\/fr\/wp-json\/wp\/v2\/media?parent=5801"}],"wp:term":[{"taxonomy":"category","embeddable":true,"href":"https:\/\/www.palazzolarocca.it\/fr\/wp-json\/wp\/v2\/categories?post=5801"},{"taxonomy":"post_tag","embeddable":true,"href":"https:\/\/www.palazzolarocca.it\/fr\/wp-json\/wp\/v2\/tags?post=5801"}],"curies":[{"name":"wp","href":"https:\/\/api.w.org\/{rel}","templated":true}]}}